{"id":47473,"date":"2024-04-23T14:36:59","date_gmt":"2024-04-23T12:36:59","guid":{"rendered":"https:\/\/www.uhl-menu.com\/la-gastronomie-autrichienne-en-plein-essor\/"},"modified":"2025-03-19T15:49:59","modified_gmt":"2025-03-19T14:49:59","slug":"la-gastronomie-autrichienne-en-plein-essor","status":"publish","type":"post","link":"https:\/\/www.uhl-menu.com\/fr\/la-gastronomie-autrichienne-en-plein-essor\/","title":{"rendered":"La gastronomie autrichienne en plein essor"},"content":{"rendered":"<p>Dans ce pays, les gens sont \u00e9nergiques et savent consid\u00e9rer les crises comme des opportunit\u00e9s. Le dernier guide des restaurants de Falstaff le d\u00e9montre de mani\u00e8re impressionnante : L&#8217;ann\u00e9e derni\u00e8re, la barre des 2.000 \u00e9tablissements r\u00e9pertori\u00e9s a \u00e9t\u00e9 franchie pour la premi\u00e8re fois et cette tendance se poursuit sans interruption. <\/p>\n<p>Nous, Autrichiens, pouvons nous r\u00e9jouir d&#8217;une diversit\u00e9 gastronomique que peu de pays europ\u00e9ens peuvent offrir. Outre l&#8217;\u00e9tendue, la qualit\u00e9 est \u00e9galement d\u00e9terminante &#8211; et l\u00e0 aussi, on constate des \u00e9volutions r\u00e9jouissantes. Jusqu&#8217;\u00e0 pr\u00e9sent, le &#8220;Steirereck&#8221; et l'&#8221;Amador&#8221; \u00e9taient les figures de proue du plus grand plaisir gastronomique du pays, avec 100 points chacun.  <\/p>\n<p>Mais cette ann\u00e9e, un autre restaurant s&#8217;ajoute \u00e0 la liste : Martin Klein au &#8220;Hangar-7 d&#8217;Ikarus&#8221; fait preuve d&#8217;une continuit\u00e9 et d&#8217;une excellence qui ont \u00e9t\u00e9 r\u00e9compens\u00e9es par la note maximale. Sa capacit\u00e9 \u00e0 pr\u00e9senter chaque mois un menu enti\u00e8rement nouveau (cela signifie-t-il aussi de nouveaux menus ?) et un style de cuisine internationale enti\u00e8rement nouveau t\u00e9moigne du plus grand savoir-faire. Le service et la l\u00e9gendaire cave \u00e0 vin sont \u00e9galement parfaitement adapt\u00e9s \u00e0 ces exigences uniques. Toutes nos f\u00e9licitations pour cette performance exceptionnelle de niveau mondial !   <\/p>\n<div id=\"attachment_23656\" style=\"width: 857px\" class=\"wp-caption aligncenter\"><img loading=\"lazy\" decoding=\"async\" aria-describedby=\"caption-attachment-23656\" class=\"wp-image-23656 size-full\" src=\"https:\/\/www.uhl-menu.com\/wp-content\/uploads\/essen-weinglas2.jpg\" alt=\"Deux mains d\u00e9coupent la nourriture dans une assiette\" width=\"847\" height=\"565\" srcset=\"https:\/\/www.uhl-menu.com\/wp-content\/uploads\/essen-weinglas2.jpg 847w, https:\/\/www.uhl-menu.com\/wp-content\/uploads\/essen-weinglas2-300x200.jpg 300w, https:\/\/www.uhl-menu.com\/wp-content\/uploads\/essen-weinglas2-768x512.jpg 768w, https:\/\/www.uhl-menu.com\/wp-content\/uploads\/essen-weinglas2-800x534.jpg 800w, https:\/\/www.uhl-menu.com\/wp-content\/uploads\/essen-weinglas2-320x213.jpg 320w, https:\/\/www.uhl-menu.com\/wp-content\/uploads\/essen-weinglas2-600x400.jpg 600w\" sizes=\"auto, (max-width: 847px) 100vw, 847px\" \/><p id=\"caption-attachment-23656\" class=\"wp-caption-text\">La cuisine autrichienne est une mosa\u00efque de d\u00e9lices r\u00e9gionaux et d&#8217;influences internationales.<\/p><\/div>\n<h2>Diversit\u00e9 culinaire en Autriche<\/h2>\n<p>Ailleurs en Autriche, la sc\u00e8ne gastronomique se d\u00e9veloppe \u00e9galement de fa\u00e7on spectaculaire. Un exemple remarquable est Steyr, une ville qui se trouve dans l&#8217;environnement gastronomique g\u00e9n\u00e9ralement tr\u00e8s vital de la Haute-Autriche. <\/p>\n<p>On y c\u00e9l\u00e8bre le retour de Lukas Kapeller aux fourneaux. Ce cuisinier hors pair s&#8217;\u00e9tait consacr\u00e9 pendant quelques ann\u00e9es \u00e0 l&#8217;entreprise familiale avant de faire un retour impressionnant en tant que chef et propri\u00e9taire de restaurant \u00e0 la fin de l&#8217;ann\u00e9e. Son nouveau restaurant, qui porte son nom, marque pour beaucoup l&#8217;ouverture de l&#8217;ann\u00e9e : l&#8217;atmosph\u00e8re y est si enjou\u00e9e, d\u00e9contract\u00e9e, personnelle et presque intimement d\u00e9licieuse. Une interpr\u00e9tation contemporaine d&#8217;un restaurant de premi\u00e8re classe.   <\/p>\n<h2>Vienne : la capitale a aussi des raisons de se r\u00e9jouir<\/h2>\n<p>D&#8217;une part, il y a une &#8220;sommeli\u00e8re de l&#8217;ann\u00e9e&#8221; rafra\u00eechissante et d&#8217;autre part, une nouvelle floraison de la culture traditionnelle du &#8220;bistrot&#8221;, que l&#8217;on peut m\u00eame observer dans les quartiers p\u00e9riph\u00e9riques. Avec sa carte des vins pour le &#8220;nineOfive&#8221;, Friedrike Duhme montre \u00e0 quel point une pizzeria apparemment simple peut \u00eatre polyvalente. La s\u00e9lection de tr\u00e9sors de la r\u00e9gion et d&#8217;endroits plus \u00e9loign\u00e9s, la pr\u00e9sentation \u00e9l\u00e9gante de vignerons allemands ainsi que de vins de Champagne et de la vall\u00e9e de la Loire, tout cela t\u00e9moigne d&#8217;un sens impressionnant de la qualit\u00e9.  <\/p>\n<p>Au &#8220;Gasthaus Stern&#8221;, qui se trouve loin dans le quartier de Simmering, la tradition de la cuisine viennoise est pr\u00e9serv\u00e9e de mani\u00e8re exemplaire. Ici, les abats sont c\u00e9l\u00e9br\u00e9s selon des recettes traditionnelles, tandis que la classique escalope viennoise est pr\u00e9par\u00e9e avec s\u00e9rieux et \u00e9l\u00e9gance. Cette auberge, malgr\u00e9 sa situation exigeante, montre de mani\u00e8re impressionnante \u00e0 quel point la cuisine viennoise est formidable dans sa diversit\u00e9.  <\/p>\n<div id=\"attachment_23658\" style=\"width: 857px\" class=\"wp-caption aligncenter\"><img loading=\"lazy\" decoding=\"async\" aria-describedby=\"caption-attachment-23658\" class=\"wp-image-23658 size-full\" src=\"https:\/\/www.uhl-menu.com\/wp-content\/uploads\/luxus-dinner.jpg\" alt=\"Vue a\u00e9rienne d'une personne devant une assiette remplie\" width=\"847\" height=\"565\" srcset=\"https:\/\/www.uhl-menu.com\/wp-content\/uploads\/luxus-dinner.jpg 847w, https:\/\/www.uhl-menu.com\/wp-content\/uploads\/luxus-dinner-300x200.jpg 300w, https:\/\/www.uhl-menu.com\/wp-content\/uploads\/luxus-dinner-768x512.jpg 768w, https:\/\/www.uhl-menu.com\/wp-content\/uploads\/luxus-dinner-800x534.jpg 800w, https:\/\/www.uhl-menu.com\/wp-content\/uploads\/luxus-dinner-320x213.jpg 320w, https:\/\/www.uhl-menu.com\/wp-content\/uploads\/luxus-dinner-600x400.jpg 600w\" sizes=\"auto, (max-width: 847px) 100vw, 847px\" \/><p id=\"caption-attachment-23658\" class=\"wp-caption-text\">La tradition rencontre l&#8217;innovation &#8211; le paysage gastronomique autrichien s&#8217;\u00e9panouit<\/p><\/div>\n<h2>La banque du vin &#8211; une exp\u00e9rience culinaire<\/h2>\n<p>Depuis des ann\u00e9es, Gerhard Fuchs est \u00e0 la t\u00eate du restaurant Die Weinbank. Il mise sur les produits de la r\u00e9gion ainsi que du Frioul et de l&#8217;Istrie, qui servent de base \u00e0 des plats finement adapt\u00e9s et inspir\u00e9s du terroir. Le grand mariage des vins est dirig\u00e9 par Christian Zach.  <\/p>\n<p>Ici, on se consacre avec passion aux ingr\u00e9dients de saison et on les int\u00e8gre dans les cr\u00e9ations culinaires inspir\u00e9es par l&#8217;ann\u00e9e et ses rythmes naturels. La philosophie de la banque du vin est de ne pas ancrer la r\u00e9gion dans la nationalit\u00e9, c&#8217;est pourquoi l&#8217;ambiance pr\u00e9sente une riche palette de plats, non seulement de l&#8217;environnement local, mais aussi inspir\u00e9s par les saveurs de \u0160tajerska et du Frioul-V\u00e9n\u00e9tie Julienne. <\/p>\n<div class='bootstrap-yop yop-poll-mc'>\n\t\t\t\t\t\t\t<div class=\"basic-yop-poll-container\" style=\"background-color:#eeeeee; border:0px; border-style:solid; border-color:#eeeeee; border-radius:0px; padding:10px 10px;\" data-id=\"4\" data-temp=\"basic\" data-skin=\"minimal\" data-cscheme=\"black\" data-cap=\"0\" data-access=\"guest\" data-tid=\"\" data-uid=\"16f652924f057810c3535fb2cb95985a\" data-pid=\"47473\" data-resdet=\"percentages\" data-show-results-to=\"guest\" data-show-results-moment=\"after-vote\" data-show-results-only=\"false\" data-show-message=\"true\" data-show-results-as=\"bar\" data-sort-results-by=\"as-defined\" data-sort-results-rule=\"asc\"data-is-ended=\"0\" data-gdpr=\"no\" data-gdpr-sol=\"consent\" data-css=\".basic-yop-poll-container[data-uid] .basic-vote { text-align: center; }\" data-counter=\"0\" data-load-with=\"1\" data-notification-section=\"top\"><div class=\"row\"><div class=\"col-md-12\"><div class=\"basic-inner\"><div class=\"basic-message hide\" style=\"border-left: 10px solid #008000; padding: 0px 10px;\" data-error=\"#ff0000\" data-success=\"#008000\"><p class=\"basic-message-text\" style=\"color:#000000; font-size:14px; font-weight:normal;\"><\/p><\/div><div class=\"basic-overlay hide\"><div class=\"basic-vote-options\"><\/div><div class=\"basic-preloader\"><div class=\"basic-windows8\"><div class=\"basic-wBall basic-wBall_1\"><div class=\"basic-wInnerBall\"><\/div><\/div><div class=\"basic-wBall basic-wBall_2\"><div class=\"basic-wInnerBall\"><\/div><\/div><div class=\"basic-wBall basic-wBall_3\"><div class=\"basic-wInnerBall\"><\/div><\/div><div class=\"basic-wBall basic-wBall_4\"><div class=\"basic-wInnerBall\"><\/div><\/div><div class=\"basic-wBall basic-wBall_5\"><div class=\"basic-wInnerBall\"><\/div><\/div><\/div><\/div><\/div><form class=\"basic-form\"><input type=\"hidden\" name=\"_token\" value=\"569696518e\" autocomplete=\"off\"><div class=\"basic-elements\"><div class=\"basic-element basic-question basic-question-text-vertical\" data-id=\"4\" data-uid=\"6d180649ed72636e8e1191fcaf6c87a1\" data-type=\"question\" data-question-type=\"text\" data-allow-multiple=\"no\" data-min=\"1\" data-max=\"1\" data-display=\"vertical\" data-colnum=\"\" data-display-others=\"no\" data-others-color=\"\" data-others=\"\"><div role=\"heading\" aria-level=\"5\" class=\"basic-question-title\" style=\"color:#000000; font-size:16px; font-weight:normal; text-align:center;\">M\u00f6gen Sie die typisch \u00f6sterreichische K\u00fcche?<\/div><ul class=\"basic-answers\"><li class=\"basic-answer\" style=\"padding:0px 0px;\" data-id=\"7\" data-type=\"text\" data-vn=\"3\" data-color=\"#000000\" data-make-link=\"no\" data-link=\"\"><div class=\"basic-answer-content basic-text-vertical\"><label for=\"answer[7]\" class=\"basic-answer-label\"><input type=\"radio\" id=\"answer[7]\" name=\"answer[4]\" value=\"7\"  autocomplete=\"off\"><span class=\"basic-text\" style=\"color: #000000; font-size: 14px; font-weight: normal;\" tabindex=\"0\">Ja<\/span><\/label><\/div><\/li><li class=\"basic-answer\" style=\"padding:0px 0px;\" data-id=\"8\" data-type=\"text\" data-vn=\"0\" data-color=\"#000000\" data-make-link=\"no\" data-link=\"\"><div class=\"basic-answer-content basic-text-vertical\"><label for=\"answer[8]\" class=\"basic-answer-label\"><input type=\"radio\" id=\"answer[8]\" name=\"answer[4]\" value=\"8\"  autocomplete=\"off\"><span class=\"basic-text\" style=\"color: #000000; font-size: 14px; font-weight: normal;\" tabindex=\"0\">Nein<\/span><\/label><\/div><\/li><li class=\"basic-answer\" style=\"padding:0px 0px;\" data-id=\"9\" data-type=\"text\" data-vn=\"0\" data-color=\"#000000\" data-make-link=\"no\" data-link=\"\"><div class=\"basic-answer-content basic-text-vertical\"><label for=\"answer[9]\" class=\"basic-answer-label\"><input type=\"radio\" id=\"answer[9]\" name=\"answer[4]\" value=\"9\"  autocomplete=\"off\"><span class=\"basic-text\" style=\"color: #000000; font-size: 14px; font-weight: normal;\" tabindex=\"0\">Nur die S\u00fc\u00dfspeisen<\/span><\/label><\/div><\/li><\/ul><\/div><div class=\"clearfix\"><\/div><\/div><div class=\"basic-vote\"><a href=\"#\" class=\"button basic-vote-button\" role=\"button\" style=\"background:#ffffff; border:1px; border-style: solid; border-color:#000000; border-radius:0px; padding:5px 10px; color:#000000; font-size:14px; font-weight:normal;\">Abstimmen<\/a><\/div><\/form><\/div><\/div><\/div><\/div>\n\t\t\t\t\t\t<\/div>\n<p>Avant de servir, l&#8217;\u00e9quipe s&#8217;enquiert soigneusement de l&#8217;app\u00e9tit des clients et des \u00e9ventuelles restrictions ou recommandations di\u00e9t\u00e9tiques \u00e9mises par le corps m\u00e9dical. Le concept ne pr\u00e9voit pas de menu fixe. Au lieu de cela, la disponibilit\u00e9 des produits de saison et l&#8217;offre de la nature guident chaque jour les ingr\u00e9dients frais qui se retrouvent dans la cuisine. Le r\u00e9sultat est une cuisine simple mais honn\u00eate.   <\/p>\n<p>Il faut accepter la conviction de tirer le meilleur parti des dons de la nature, qu&#8217;il s&#8217;agisse des produits des jardins, des agriculteurs locaux, des \u00e9leveurs, des chasseurs ou des cueilleurs. Le go\u00fbt des aliments le confirmera de toute fa\u00e7on. Il en va de m\u00eame pour les vins. Un accord mets-vins est propos\u00e9 pour soutenir le concept de chaque plat et compl\u00e9ter parfaitement le choix du vin.   <\/p>\n<p>L&#8217;exp\u00e9rience a montr\u00e9 que l&#8217;accompagnement de vin &#8220;Zach&#8217;s Choice&#8221; est particuli\u00e8rement appr\u00e9ci\u00e9 par les clients, c&#8217;est pourquoi il est propos\u00e9 comme option standard. Cette s\u00e9lection dans les cartes des vins laisse la place \u00e0 des vins exceptionnels et sophistiqu\u00e9s qui, en fin de compte, refl\u00e8tent les valeurs et les go\u00fbts de la maison. Ici, le plaisir est toujours un choix conscient. Dans le &#8220;ou bien&#8221; du menu de la banque du vin, il y a deux options entre lesquelles les clients peuvent choisir. Il est recommand\u00e9 de faire confiance \u00e0 son intuition et \u00e0 l&#8217;expertise de l&#8217;\u00e9quipe.    <\/p>\n<div id=\"attachment_23659\" style=\"width: 857px\" class=\"wp-caption aligncenter\"><img loading=\"lazy\" decoding=\"async\" aria-describedby=\"caption-attachment-23659\" class=\"wp-image-23659 size-full\" src=\"https:\/\/www.uhl-menu.com\/wp-content\/uploads\/restaurant-im-freien-berg-h.jpg\" alt=\"Ext\u00e9rieur d'un restaurant \u00e0 la montagne\" width=\"847\" height=\"565\" srcset=\"https:\/\/www.uhl-menu.com\/wp-content\/uploads\/restaurant-im-freien-berg-h.jpg 847w, https:\/\/www.uhl-menu.com\/wp-content\/uploads\/restaurant-im-freien-berg-h-300x200.jpg 300w, https:\/\/www.uhl-menu.com\/wp-content\/uploads\/restaurant-im-freien-berg-h-768x512.jpg 768w, https:\/\/www.uhl-menu.com\/wp-content\/uploads\/restaurant-im-freien-berg-h-800x534.jpg 800w, https:\/\/www.uhl-menu.com\/wp-content\/uploads\/restaurant-im-freien-berg-h-320x213.jpg 320w, https:\/\/www.uhl-menu.com\/wp-content\/uploads\/restaurant-im-freien-berg-h-600x400.jpg 600w\" sizes=\"auto, (max-width: 847px) 100vw, 847px\" \/><p id=\"caption-attachment-23659\" class=\"wp-caption-text\">Voyage de d\u00e9couverte culinaire : L&#8217;Autriche offre plus que des escalopes et des desserts<\/p><\/div>\n<h2>Conclusion<\/h2>\n<p>La gastronomie autrichienne conna\u00eet une renaissance impressionnante, port\u00e9e par un optimisme in\u00e9branlable et une remarquable capacit\u00e9 d&#8217;innovation. Malgr\u00e9 les multiples d\u00e9fis auxquels le secteur est confront\u00e9, l&#8217;ann\u00e9e \u00e9coul\u00e9e a d\u00e9montr\u00e9 de mani\u00e8re impressionnante la diversit\u00e9 et la qualit\u00e9 de l&#8217;offre culinaire en Autriche. <\/p>\n<p>Le guide des restaurants Falstaff, qui r\u00e9pertorie pour la premi\u00e8re fois plus de 2 000 \u00e9tablissements, souligne cette tendance. Des restaurants haut de gamme comme le &#8220;Steirereck&#8221;, l'&#8221;Amador&#8221; et, depuis peu, l'&#8221;Ikarus Hangar-7&#8243; font figure de r\u00e9f\u00e9rence en mati\u00e8re d&#8217;excellence culinaire avec leurs notes maximales. En outre, des villes comme Steyr et Vienne prouvent que la sc\u00e8ne gastronomique autrichienne est plus vivante et diversifi\u00e9e que jamais, avec des retours impressionnants et le maintien de la culture traditionnelle du &#8220;Beisl&#8221;.  <\/p>\n","protected":false},"excerpt":{"rendered":"<p>Dans ce pays, les gens sont \u00e9nergiques et savent consid\u00e9rer les crises comme des opportunit\u00e9s. Le dernier guide des restaurants de Falstaff le d\u00e9montre de mani\u00e8re impressionnante : L&#8217;ann\u00e9e derni\u00e8re, la barre des 2.000 \u00e9tablissements r\u00e9pertori\u00e9s a \u00e9t\u00e9 franchie pour la premi\u00e8re fois et cette tendance se poursuit sans interruption. Nous, Autrichiens, pouvons nous r\u00e9jouir [&hellip;]<\/p>\n","protected":false},"author":19,"featured_media":47474,"comment_status":"closed","ping_status":"closed","sticky":false,"template":"","format":"standard","meta":{"_acf_changed":false,"footnotes":""},"categories":[939],"tags":[],"class_list":["post-47473","post","type-post","status-publish","format-standard","has-post-thumbnail","hentry","category-ce-quil-faut-savoir"],"acf":[],"yoast_head":"<!-- This site is optimized with the Yoast SEO plugin v26.0 - https:\/\/yoast.com\/wordpress\/plugins\/seo\/ -->\n<title>\u1455\u2776\u1450 La gastronomie autrichienne en plein essor \u27a1\ufe0f<\/title>\n<meta name=\"description\" content=\"Les nombreux d\u00e9fis n&#039;arr\u00eatent pas les restaurateurs autrichiens \u2705 Ces restaurants passent \u00e0 la vitesse sup\u00e9rieure \u2705\" \/>\n<meta name=\"robots\" content=\"index, follow, max-snippet:-1, max-image-preview:large, max-video-preview:-1\" \/>\n<link rel=\"canonical\" href=\"https:\/\/www.uhl-menu.com\/fr\/la-gastronomie-autrichienne-en-plein-essor\/\" \/>\n<meta property=\"og:locale\" content=\"fr_FR\" \/>\n<meta property=\"og:type\" content=\"article\" \/>\n<meta property=\"og:title\" content=\"\u1455\u2776\u1450 La gastronomie autrichienne en plein essor \u27a1\ufe0f\" \/>\n<meta property=\"og:description\" content=\"Les nombreux d\u00e9fis n&#039;arr\u00eatent pas les restaurateurs autrichiens \u2705 Ces restaurants passent \u00e0 la vitesse sup\u00e9rieure \u2705\" \/>\n<meta property=\"og:url\" content=\"https:\/\/www.uhl-menu.com\/fr\/la-gastronomie-autrichienne-en-plein-essor\/\" \/>\n<meta property=\"og:site_name\" content=\"menu de Uhl\" \/>\n<meta property=\"article:publisher\" content=\"https:\/\/www.facebook.com\/uhlspeisekarten\" \/>\n<meta property=\"article:published_time\" content=\"2024-04-23T12:36:59+00:00\" \/>\n<meta property=\"article:modified_time\" content=\"2025-03-19T14:49:59+00:00\" \/>\n<meta property=\"og:image\" content=\"https:\/\/www.uhl-menu.com\/wp-content\/uploads\/essen-getraenke-am-tisch.jpg\" \/>\n\t<meta property=\"og:image:width\" content=\"847\" \/>\n\t<meta property=\"og:image:height\" content=\"565\" \/>\n\t<meta property=\"og:image:type\" content=\"image\/jpeg\" \/>\n<meta name=\"author\" content=\"Wolfgang Gartler\" \/>\n<meta name=\"twitter:card\" content=\"summary_large_image\" \/>\n<meta name=\"twitter:label1\" content=\"\u00c9crit par\" \/>\n\t<meta name=\"twitter:data1\" content=\"Wolfgang Gartler\" \/>\n\t<meta name=\"twitter:label2\" content=\"Dur\u00e9e de lecture estim\u00e9e\" \/>\n\t<meta name=\"twitter:data2\" content=\"6 minutes\" \/>\n<script type=\"application\/ld+json\" class=\"yoast-schema-graph\">{\"@context\":\"https:\/\/schema.org\",\"@graph\":[{\"@type\":\"Article\",\"@id\":\"https:\/\/www.uhl-menu.com\/fr\/la-gastronomie-autrichienne-en-plein-essor\/#article\",\"isPartOf\":{\"@id\":\"https:\/\/www.uhl-menu.com\/fr\/la-gastronomie-autrichienne-en-plein-essor\/\"},\"author\":{\"name\":\"Wolfgang Gartler\",\"@id\":\"https:\/\/www.uhl-menu.com\/fr\/#\/schema\/person\/62806c13a5caf2dc1c136dd489bdc85d\"},\"headline\":\"La gastronomie autrichienne en plein essor\",\"datePublished\":\"2024-04-23T12:36:59+00:00\",\"dateModified\":\"2025-03-19T14:49:59+00:00\",\"mainEntityOfPage\":{\"@id\":\"https:\/\/www.uhl-menu.com\/fr\/la-gastronomie-autrichienne-en-plein-essor\/\"},\"wordCount\":1160,\"publisher\":{\"@id\":\"https:\/\/www.uhl-menu.com\/fr\/#organization\"},\"image\":{\"@id\":\"https:\/\/www.uhl-menu.com\/fr\/la-gastronomie-autrichienne-en-plein-essor\/#primaryimage\"},\"thumbnailUrl\":\"https:\/\/www.uhl-menu.com\/wp-content\/uploads\/essen-getraenke-am-tisch.jpg\",\"articleSection\":[\"Ce qu'il faut savoir\"],\"inLanguage\":\"fr-FR\"},{\"@type\":\"WebPage\",\"@id\":\"https:\/\/www.uhl-menu.com\/fr\/la-gastronomie-autrichienne-en-plein-essor\/\",\"url\":\"https:\/\/www.uhl-menu.com\/fr\/la-gastronomie-autrichienne-en-plein-essor\/\",\"name\":\"\u1455\u2776\u1450 La gastronomie autrichienne en plein essor \u27a1\ufe0f\",\"isPartOf\":{\"@id\":\"https:\/\/www.uhl-menu.com\/fr\/#website\"},\"primaryImageOfPage\":{\"@id\":\"https:\/\/www.uhl-menu.com\/fr\/la-gastronomie-autrichienne-en-plein-essor\/#primaryimage\"},\"image\":{\"@id\":\"https:\/\/www.uhl-menu.com\/fr\/la-gastronomie-autrichienne-en-plein-essor\/#primaryimage\"},\"thumbnailUrl\":\"https:\/\/www.uhl-menu.com\/wp-content\/uploads\/essen-getraenke-am-tisch.jpg\",\"datePublished\":\"2024-04-23T12:36:59+00:00\",\"dateModified\":\"2025-03-19T14:49:59+00:00\",\"description\":\"Les nombreux d\u00e9fis n'arr\u00eatent pas les restaurateurs autrichiens \u2705 Ces restaurants passent \u00e0 la vitesse sup\u00e9rieure \u2705\",\"breadcrumb\":{\"@id\":\"https:\/\/www.uhl-menu.com\/fr\/la-gastronomie-autrichienne-en-plein-essor\/#breadcrumb\"},\"inLanguage\":\"fr-FR\",\"potentialAction\":[{\"@type\":\"ReadAction\",\"target\":[\"https:\/\/www.uhl-menu.com\/fr\/la-gastronomie-autrichienne-en-plein-essor\/\"]}]},{\"@type\":\"ImageObject\",\"inLanguage\":\"fr-FR\",\"@id\":\"https:\/\/www.uhl-menu.com\/fr\/la-gastronomie-autrichienne-en-plein-essor\/#primaryimage\",\"url\":\"https:\/\/www.uhl-menu.com\/wp-content\/uploads\/essen-getraenke-am-tisch.jpg\",\"contentUrl\":\"https:\/\/www.uhl-menu.com\/wp-content\/uploads\/essen-getraenke-am-tisch.jpg\",\"width\":847,\"height\":565},{\"@type\":\"BreadcrumbList\",\"@id\":\"https:\/\/www.uhl-menu.com\/fr\/la-gastronomie-autrichienne-en-plein-essor\/#breadcrumb\",\"itemListElement\":[{\"@type\":\"ListItem\",\"position\":1,\"name\":\"Startseite\",\"item\":\"https:\/\/www.uhl-menu.com\/fr\/\"},{\"@type\":\"ListItem\",\"position\":2,\"name\":\"La gastronomie autrichienne en plein essor\"}]},{\"@type\":\"WebSite\",\"@id\":\"https:\/\/www.uhl-menu.com\/fr\/#website\",\"url\":\"https:\/\/www.uhl-menu.com\/fr\/\",\"name\":\"menu de Uhl\",\"description\":\"e fabricant de menus UHL, fond\u00e9 en 1982, s&#039;est donn\u00e9 d\u00e8s ses d\u00e9buts pour mission de se sp\u00e9cialiser dans les menus et les cartes des vins.\",\"publisher\":{\"@id\":\"https:\/\/www.uhl-menu.com\/fr\/#organization\"},\"potentialAction\":[{\"@type\":\"SearchAction\",\"target\":{\"@type\":\"EntryPoint\",\"urlTemplate\":\"https:\/\/www.uhl-menu.com\/fr\/?s={search_term_string}\"},\"query-input\":{\"@type\":\"PropertyValueSpecification\",\"valueRequired\":true,\"valueName\":\"search_term_string\"}}],\"inLanguage\":\"fr-FR\"},{\"@type\":\"Organization\",\"@id\":\"https:\/\/www.uhl-menu.com\/fr\/#organization\",\"name\":\"menu de Uhl\",\"url\":\"https:\/\/www.uhl-menu.com\/fr\/\",\"logo\":{\"@type\":\"ImageObject\",\"inLanguage\":\"fr-FR\",\"@id\":\"https:\/\/www.uhl-menu.com\/fr\/#\/schema\/logo\/image\/\",\"url\":\"https:\/\/www.uhl-menu.com\/wp-content\/uploads\/uhl-logo.png\",\"contentUrl\":\"https:\/\/www.uhl-menu.com\/wp-content\/uploads\/uhl-logo.png\",\"width\":66,\"height\":41,\"caption\":\"menu de Uhl\"},\"image\":{\"@id\":\"https:\/\/www.uhl-menu.com\/fr\/#\/schema\/logo\/image\/\"},\"sameAs\":[\"https:\/\/www.facebook.com\/uhlspeisekarten\",\"https:\/\/www.youtube.com\/channel\/UCz6fCHDC_EvIaFfibirEF8A\/videos\"]},{\"@type\":\"Person\",\"@id\":\"https:\/\/www.uhl-menu.com\/fr\/#\/schema\/person\/62806c13a5caf2dc1c136dd489bdc85d\",\"name\":\"Wolfgang Gartler\",\"image\":{\"@type\":\"ImageObject\",\"inLanguage\":\"fr-FR\",\"@id\":\"https:\/\/www.uhl-menu.com\/fr\/#\/schema\/person\/image\/\",\"url\":\"https:\/\/secure.gravatar.com\/avatar\/df6f1a6d54ddcd4cd94879dbacae2a46db9e528f5f91a3044f3051050d363f4e?s=96&d=mm&r=g\",\"contentUrl\":\"https:\/\/secure.gravatar.com\/avatar\/df6f1a6d54ddcd4cd94879dbacae2a46db9e528f5f91a3044f3051050d363f4e?s=96&d=mm&r=g\",\"caption\":\"Wolfgang Gartler\"}}]}<\/script>\n<!-- \/ Yoast SEO plugin. -->","yoast_head_json":{"title":"\u1455\u2776\u1450 La gastronomie autrichienne en plein essor \u27a1\ufe0f","description":"Les nombreux d\u00e9fis n'arr\u00eatent pas les restaurateurs autrichiens \u2705 Ces restaurants passent \u00e0 la vitesse sup\u00e9rieure \u2705","robots":{"index":"index","follow":"follow","max-snippet":"max-snippet:-1","max-image-preview":"max-image-preview:large","max-video-preview":"max-video-preview:-1"},"canonical":"https:\/\/www.uhl-menu.com\/fr\/la-gastronomie-autrichienne-en-plein-essor\/","og_locale":"fr_FR","og_type":"article","og_title":"\u1455\u2776\u1450 La gastronomie autrichienne en plein essor \u27a1\ufe0f","og_description":"Les nombreux d\u00e9fis n'arr\u00eatent pas les restaurateurs autrichiens \u2705 Ces restaurants passent \u00e0 la vitesse sup\u00e9rieure \u2705","og_url":"https:\/\/www.uhl-menu.com\/fr\/la-gastronomie-autrichienne-en-plein-essor\/","og_site_name":"menu de Uhl","article_publisher":"https:\/\/www.facebook.com\/uhlspeisekarten","article_published_time":"2024-04-23T12:36:59+00:00","article_modified_time":"2025-03-19T14:49:59+00:00","og_image":[{"width":847,"height":565,"url":"https:\/\/www.uhl-menu.com\/wp-content\/uploads\/essen-getraenke-am-tisch.jpg","type":"image\/jpeg"}],"author":"Wolfgang Gartler","twitter_card":"summary_large_image","twitter_misc":{"\u00c9crit par":"Wolfgang Gartler","Dur\u00e9e de lecture estim\u00e9e":"6 minutes"},"schema":{"@context":"https:\/\/schema.org","@graph":[{"@type":"Article","@id":"https:\/\/www.uhl-menu.com\/fr\/la-gastronomie-autrichienne-en-plein-essor\/#article","isPartOf":{"@id":"https:\/\/www.uhl-menu.com\/fr\/la-gastronomie-autrichienne-en-plein-essor\/"},"author":{"name":"Wolfgang Gartler","@id":"https:\/\/www.uhl-menu.com\/fr\/#\/schema\/person\/62806c13a5caf2dc1c136dd489bdc85d"},"headline":"La gastronomie autrichienne en plein essor","datePublished":"2024-04-23T12:36:59+00:00","dateModified":"2025-03-19T14:49:59+00:00","mainEntityOfPage":{"@id":"https:\/\/www.uhl-menu.com\/fr\/la-gastronomie-autrichienne-en-plein-essor\/"},"wordCount":1160,"publisher":{"@id":"https:\/\/www.uhl-menu.com\/fr\/#organization"},"image":{"@id":"https:\/\/www.uhl-menu.com\/fr\/la-gastronomie-autrichienne-en-plein-essor\/#primaryimage"},"thumbnailUrl":"https:\/\/www.uhl-menu.com\/wp-content\/uploads\/essen-getraenke-am-tisch.jpg","articleSection":["Ce qu'il faut savoir"],"inLanguage":"fr-FR"},{"@type":"WebPage","@id":"https:\/\/www.uhl-menu.com\/fr\/la-gastronomie-autrichienne-en-plein-essor\/","url":"https:\/\/www.uhl-menu.com\/fr\/la-gastronomie-autrichienne-en-plein-essor\/","name":"\u1455\u2776\u1450 La gastronomie autrichienne en plein essor \u27a1\ufe0f","isPartOf":{"@id":"https:\/\/www.uhl-menu.com\/fr\/#website"},"primaryImageOfPage":{"@id":"https:\/\/www.uhl-menu.com\/fr\/la-gastronomie-autrichienne-en-plein-essor\/#primaryimage"},"image":{"@id":"https:\/\/www.uhl-menu.com\/fr\/la-gastronomie-autrichienne-en-plein-essor\/#primaryimage"},"thumbnailUrl":"https:\/\/www.uhl-menu.com\/wp-content\/uploads\/essen-getraenke-am-tisch.jpg","datePublished":"2024-04-23T12:36:59+00:00","dateModified":"2025-03-19T14:49:59+00:00","description":"Les nombreux d\u00e9fis n'arr\u00eatent pas les restaurateurs autrichiens \u2705 Ces restaurants passent \u00e0 la vitesse sup\u00e9rieure \u2705","breadcrumb":{"@id":"https:\/\/www.uhl-menu.com\/fr\/la-gastronomie-autrichienne-en-plein-essor\/#breadcrumb"},"inLanguage":"fr-FR","potentialAction":[{"@type":"ReadAction","target":["https:\/\/www.uhl-menu.com\/fr\/la-gastronomie-autrichienne-en-plein-essor\/"]}]},{"@type":"ImageObject","inLanguage":"fr-FR","@id":"https:\/\/www.uhl-menu.com\/fr\/la-gastronomie-autrichienne-en-plein-essor\/#primaryimage","url":"https:\/\/www.uhl-menu.com\/wp-content\/uploads\/essen-getraenke-am-tisch.jpg","contentUrl":"https:\/\/www.uhl-menu.com\/wp-content\/uploads\/essen-getraenke-am-tisch.jpg","width":847,"height":565},{"@type":"BreadcrumbList","@id":"https:\/\/www.uhl-menu.com\/fr\/la-gastronomie-autrichienne-en-plein-essor\/#breadcrumb","itemListElement":[{"@type":"ListItem","position":1,"name":"Startseite","item":"https:\/\/www.uhl-menu.com\/fr\/"},{"@type":"ListItem","position":2,"name":"La gastronomie autrichienne en plein essor"}]},{"@type":"WebSite","@id":"https:\/\/www.uhl-menu.com\/fr\/#website","url":"https:\/\/www.uhl-menu.com\/fr\/","name":"menu de Uhl","description":"e fabricant de menus UHL, fond\u00e9 en 1982, s&#039;est donn\u00e9 d\u00e8s ses d\u00e9buts pour mission de se sp\u00e9cialiser dans les menus et les cartes des vins.","publisher":{"@id":"https:\/\/www.uhl-menu.com\/fr\/#organization"},"potentialAction":[{"@type":"SearchAction","target":{"@type":"EntryPoint","urlTemplate":"https:\/\/www.uhl-menu.com\/fr\/?s={search_term_string}"},"query-input":{"@type":"PropertyValueSpecification","valueRequired":true,"valueName":"search_term_string"}}],"inLanguage":"fr-FR"},{"@type":"Organization","@id":"https:\/\/www.uhl-menu.com\/fr\/#organization","name":"menu de Uhl","url":"https:\/\/www.uhl-menu.com\/fr\/","logo":{"@type":"ImageObject","inLanguage":"fr-FR","@id":"https:\/\/www.uhl-menu.com\/fr\/#\/schema\/logo\/image\/","url":"https:\/\/www.uhl-menu.com\/wp-content\/uploads\/uhl-logo.png","contentUrl":"https:\/\/www.uhl-menu.com\/wp-content\/uploads\/uhl-logo.png","width":66,"height":41,"caption":"menu de Uhl"},"image":{"@id":"https:\/\/www.uhl-menu.com\/fr\/#\/schema\/logo\/image\/"},"sameAs":["https:\/\/www.facebook.com\/uhlspeisekarten","https:\/\/www.youtube.com\/channel\/UCz6fCHDC_EvIaFfibirEF8A\/videos"]},{"@type":"Person","@id":"https:\/\/www.uhl-menu.com\/fr\/#\/schema\/person\/62806c13a5caf2dc1c136dd489bdc85d","name":"Wolfgang Gartler","image":{"@type":"ImageObject","inLanguage":"fr-FR","@id":"https:\/\/www.uhl-menu.com\/fr\/#\/schema\/person\/image\/","url":"https:\/\/secure.gravatar.com\/avatar\/df6f1a6d54ddcd4cd94879dbacae2a46db9e528f5f91a3044f3051050d363f4e?s=96&d=mm&r=g","contentUrl":"https:\/\/secure.gravatar.com\/avatar\/df6f1a6d54ddcd4cd94879dbacae2a46db9e528f5f91a3044f3051050d363f4e?s=96&d=mm&r=g","caption":"Wolfgang Gartler"}}]}},"_links":{"self":[{"href":"https:\/\/www.uhl-menu.com\/fr\/wp-json\/wp\/v2\/posts\/47473","targetHints":{"allow":["GET"]}}],"collection":[{"href":"https:\/\/www.uhl-menu.com\/fr\/wp-json\/wp\/v2\/posts"}],"about":[{"href":"https:\/\/www.uhl-menu.com\/fr\/wp-json\/wp\/v2\/types\/post"}],"author":[{"embeddable":true,"href":"https:\/\/www.uhl-menu.com\/fr\/wp-json\/wp\/v2\/users\/19"}],"replies":[{"embeddable":true,"href":"https:\/\/www.uhl-menu.com\/fr\/wp-json\/wp\/v2\/comments?post=47473"}],"version-history":[{"count":1,"href":"https:\/\/www.uhl-menu.com\/fr\/wp-json\/wp\/v2\/posts\/47473\/revisions"}],"predecessor-version":[{"id":47478,"href":"https:\/\/www.uhl-menu.com\/fr\/wp-json\/wp\/v2\/posts\/47473\/revisions\/47478"}],"wp:featuredmedia":[{"embeddable":true,"href":"https:\/\/www.uhl-menu.com\/fr\/wp-json\/wp\/v2\/media\/47474"}],"wp:attachment":[{"href":"https:\/\/www.uhl-menu.com\/fr\/wp-json\/wp\/v2\/media?parent=47473"}],"wp:term":[{"taxonomy":"category","embeddable":true,"href":"https:\/\/www.uhl-menu.com\/fr\/wp-json\/wp\/v2\/categories?post=47473"},{"taxonomy":"post_tag","embeddable":true,"href":"https:\/\/www.uhl-menu.com\/fr\/wp-json\/wp\/v2\/tags?post=47473"}],"curies":[{"name":"wp","href":"https:\/\/api.w.org\/{rel}","templated":true}]}}