{"id":38776,"date":"2024-02-27T10:24:21","date_gmt":"2024-02-27T09:24:21","guid":{"rendered":"https:\/\/www.uhl-menu.com\/il-ritorno-delle-stelle-il-ritorno-culinario-dellaustria-con-la-michelin\/"},"modified":"2026-02-03T19:33:20","modified_gmt":"2026-02-03T18:33:20","slug":"il-ritorno-delle-stelle-il-ritorno-culinario-dellaustria-con-la-michelin","status":"publish","type":"post","link":"https:\/\/www.uhl-menu.com\/it\/il-ritorno-delle-stelle-il-ritorno-culinario-dellaustria-con-la-michelin\/","title":{"rendered":"Il ritorno delle stelle: il rilancio culinario dell&#8217;Austria con Michelin"},"content":{"rendered":"<p>Nel 2009, i critici delle principali guide gastronomiche austriache si erano fatti da parte, ma ora stanno tornando alla ribalta, il che \u00e8 una buona notizia per il Paese. Gli chef pi\u00f9 influenti sottolineano che questo sviluppo ha un impatto positivo sulla percezione internazionale del panorama gastronomico austriaco. <\/p>\n<h2>Una nuova speranza per il settore gastronomico<\/h2>\n<p>L&#8217;Austria non \u00e8 mai stata considerata una terra gastronomicamente povera, come dimostrano i numerosi premi che i migliori ristoranti delle aree urbane e rurali possono vantare.<\/p>\n<p>Tuttavia, il ritorno della Guida Michelin \u00e8 accolto come una buona notizia dopo che la gastronomia locale ha lottato per anni per ottenere riconoscimento. Ora l&#8217;attesa \u00e8 finita. <\/p>\n<p>Il rinnovo dell&#8217;assegnazione delle stelle da parte dei recensori di tutto il Paese segna un momento trionfale per l&#8217;industria del turismo. La \u201cbibbia rossa\u201d attira molti buongustai in determinate regioni e ristoranti, il che si riflette chiaramente nei dati relativi alle prenotazioni. <\/p>\n<p>Si parla di introiti significativi nell&#8217;ordine dei milioni. Per molte persone questo \u00e8 un motivo sufficiente per visitare determinate regioni o ristoranti, che si spera siano dotati di menu e liste di bevande adeguati. <\/p>\n<p>Sebbene l&#8217;Austria non sia stata completamente esclusa dalla competizione dal 2009 &#8211; Vienna e Salisburgo erano ancora rappresentate dalla \u201cCity Selection\u201d -, la valutazione ora copre nuovamente l&#8217;intero Paese con la \u201cStart Austria Selection 2025\u201d.<\/p>\n<p>Questo \u00e8 stato possibile grazie alla collaborazione di otto organizzazioni turistiche regionali, dell&#8217;Associazione austriaca di gastronomia e dell&#8217;\u00d6sterreich Werbung, con una figura di spicco nel settore turistico che ha sottolineato gli aspetti culinari insieme al paesaggio, agli sport invernali e alle attrazioni culturali come principale richiamo per le vacanze in Austria.<\/p>\n<p>I riconoscimenti e i premi della Guida Michelin fungono anche da ulteriore polo di attrazione per il pubblico internazionale, attirando chef rinomati e aspiranti tali, fornendo al contempo un incentivo per trattenere questi talenti nel settore turistico nazionale.<\/p>\n<p>\u00c8 quindi giunto il momento di rinnovare le brochure degli hotel e le carte dei vini: una ventata di freschezza a tavola \u00e8 segno di rispetto.<\/p>\n<p>I critici della Guida Michelin sono noti per la loro valutazione rigorosa. Solo chi \u00e8 in grado di competere con i migliori ristoratori del mondo e di offrire costantemente una qualit\u00e0 eccellente pu\u00f2 aspirare all&#8217;ambito riconoscimento delle stelle. <\/p>\n<div id=\"attachment_23148\" style=\"width: 1034px\" class=\"wp-caption aligncenter\"><img loading=\"lazy\" decoding=\"async\" aria-describedby=\"caption-attachment-23148\" class=\"wp-image-23148 size-large\" src=\"https:\/\/www.uhl-menu.com\/wp-content\/uploads\/jay-wennington-N_Y88TWmGwA-unsplash-1024x683.jpg\" alt=\"Piatto con cibo di alta gastronomia\" width=\"1024\" height=\"683\" srcset=\"https:\/\/www.uhl-menu.com\/wp-content\/uploads\/jay-wennington-N_Y88TWmGwA-unsplash-1024x683.jpg 1024w, https:\/\/www.uhl-menu.com\/wp-content\/uploads\/jay-wennington-N_Y88TWmGwA-unsplash-300x200.jpg 300w, https:\/\/www.uhl-menu.com\/wp-content\/uploads\/jay-wennington-N_Y88TWmGwA-unsplash-768x512.jpg 768w, https:\/\/www.uhl-menu.com\/wp-content\/uploads\/jay-wennington-N_Y88TWmGwA-unsplash-1536x1024.jpg 1536w, https:\/\/www.uhl-menu.com\/wp-content\/uploads\/jay-wennington-N_Y88TWmGwA-unsplash-2048x1365.jpg 2048w, https:\/\/www.uhl-menu.com\/wp-content\/uploads\/jay-wennington-N_Y88TWmGwA-unsplash-1600x1067.jpg 1600w, https:\/\/www.uhl-menu.com\/wp-content\/uploads\/jay-wennington-N_Y88TWmGwA-unsplash-800x533.jpg 800w, https:\/\/www.uhl-menu.com\/wp-content\/uploads\/jay-wennington-N_Y88TWmGwA-unsplash-320x213.jpg 320w, https:\/\/www.uhl-menu.com\/wp-content\/uploads\/jay-wennington-N_Y88TWmGwA-unsplash-600x400.jpg 600w\" sizes=\"auto, (max-width: 1024px) 100vw, 1024px\" \/><p id=\"caption-attachment-23148\" class=\"wp-caption-text\">Le raccomandazioni e le stelle Michelin offrono un ulteriore incentivo per gli ospiti internazionali.<\/p><\/div>\n<h2>Nuovo riconoscimento per la gastronomia austriaca<\/h2>\n<p>I principali rappresentanti dell&#8217;alta gastronomia austriaca sono entusiasti del ritorno della Guida Michelin sul territorio nazionale e la considerano un punto di riferimento riconosciuto a livello internazionale.<\/p>\n<p>Molti ristoranti che negli ultimi anni sono stati regolarmente visitati dai critici Michelin nell&#8217;ambito della valutazione delle citt\u00e0 riceveranno ancora una volta le ambite stelle come riconoscimento del lavoro svolto.<\/p>\n<p>Le critiche secondo cui la rinomata Guida Michelin avvantaggia solo i locali pi\u00f9 esclusivi vengono fermamente respinte dai professionisti della cucina. Chiunque viaggi attraverso l&#8217;Austria pu\u00f2 constatare che la densit\u00e0 di eccellenti ristoranti \u00e8 elevata rispetto alle dimensioni del Paese. <\/p>\n<p>La Guida Michelin \u00e8 molto adatta a posizionare l&#8217;Austria come destinazione turistica di alta qualit\u00e0. Le ispezioni sono anonime e capita anche che un critico si presenti dopo il pasto per ringraziare, ma questa \u00e8 l&#8217;eccezione piuttosto che la regola. <\/p>\n<p><small>Fonte dell&#8217;immagine: unsplash.com <\/small><\/p>\n","protected":false},"excerpt":{"rendered":"<p>Nel 2009, i critici delle principali guide gastronomiche austriache si erano fatti da parte, ma ora stanno tornando alla ribalta, il che \u00e8 una buona notizia per il Paese. Gli chef pi\u00f9 influenti sottolineano che questo sviluppo ha un impatto positivo sulla percezione internazionale del panorama gastronomico austriaco. Una nuova speranza per il settore gastronomico [&hellip;]<\/p>\n","protected":false},"author":19,"featured_media":38779,"comment_status":"closed","ping_status":"closed","sticky":false,"template":"","format":"standard","meta":{"_acf_changed":false,"footnotes":""},"categories":[756],"tags":[],"class_list":["post-38776","post","type-post","status-publish","format-standard","has-post-thumbnail","hentry","category-vale-la-pena-di-conoscerlo"],"acf":[],"yoast_head":"<!-- This site is optimized with the Yoast SEO plugin v26.0 - https:\/\/yoast.com\/wordpress\/plugins\/seo\/ -->\n<title>\u1455\u2776\u1450 Il rilancio culinario dell&#039;Austria con Michelin\u27a1\ufe0f<\/title>\n<meta name=\"description\" content=\"La Guida Michelin, vera e propria bibbia gastronomica di fama mondiale, torna in Austria dopo anni di assenza.\" \/>\n<meta name=\"robots\" content=\"index, follow, max-snippet:-1, max-image-preview:large, max-video-preview:-1\" \/>\n<link rel=\"canonical\" href=\"https:\/\/www.uhl-menu.com\/it\/il-ritorno-delle-stelle-il-ritorno-culinario-dellaustria-con-la-michelin\/\" \/>\n<meta property=\"og:locale\" content=\"it_IT\" \/>\n<meta property=\"og:type\" content=\"article\" \/>\n<meta property=\"og:title\" content=\"\u1455\u2776\u1450 Il rilancio culinario dell&#039;Austria con Michelin\u27a1\ufe0f\" \/>\n<meta property=\"og:description\" content=\"La Guida Michelin, vera e propria bibbia gastronomica di fama mondiale, torna in Austria dopo anni di assenza.\" \/>\n<meta property=\"og:url\" content=\"https:\/\/www.uhl-menu.com\/it\/il-ritorno-delle-stelle-il-ritorno-culinario-dellaustria-con-la-michelin\/\" \/>\n<meta property=\"og:site_name\" content=\"menu de Uhl\" \/>\n<meta property=\"article:publisher\" content=\"https:\/\/www.facebook.com\/uhlspeisekarten\" \/>\n<meta property=\"article:published_time\" content=\"2024-02-27T09:24:21+00:00\" \/>\n<meta property=\"article:modified_time\" content=\"2026-02-03T18:33:20+00:00\" \/>\n<meta property=\"og:image\" content=\"https:\/\/www.uhl-menu.com\/wp-content\/uploads\/pablo-merchan-montes-Orz90t6o0e4-unsplash-scaled.jpg\" \/>\n\t<meta property=\"og:image:width\" content=\"2560\" \/>\n\t<meta property=\"og:image:height\" content=\"1707\" \/>\n\t<meta property=\"og:image:type\" content=\"image\/jpeg\" \/>\n<meta name=\"author\" content=\"Wolfgang Gartler\" \/>\n<meta name=\"twitter:card\" content=\"summary_large_image\" \/>\n<meta name=\"twitter:label1\" content=\"Scritto da\" \/>\n\t<meta name=\"twitter:data1\" content=\"Wolfgang Gartler\" \/>\n\t<meta name=\"twitter:label2\" content=\"Tempo di lettura stimato\" \/>\n\t<meta name=\"twitter:data2\" content=\"3 minuti\" \/>\n<script type=\"application\/ld+json\" class=\"yoast-schema-graph\">{\"@context\":\"https:\/\/schema.org\",\"@graph\":[{\"@type\":\"Article\",\"@id\":\"https:\/\/www.uhl-menu.com\/it\/il-ritorno-delle-stelle-il-ritorno-culinario-dellaustria-con-la-michelin\/#article\",\"isPartOf\":{\"@id\":\"https:\/\/www.uhl-menu.com\/it\/il-ritorno-delle-stelle-il-ritorno-culinario-dellaustria-con-la-michelin\/\"},\"author\":{\"name\":\"Wolfgang Gartler\",\"@id\":\"https:\/\/www.uhl-menu.com\/it\/#\/schema\/person\/62806c13a5caf2dc1c136dd489bdc85d\"},\"headline\":\"Il ritorno delle stelle: il rilancio culinario dell&#8217;Austria con Michelin\",\"datePublished\":\"2024-02-27T09:24:21+00:00\",\"dateModified\":\"2026-02-03T18:33:20+00:00\",\"mainEntityOfPage\":{\"@id\":\"https:\/\/www.uhl-menu.com\/it\/il-ritorno-delle-stelle-il-ritorno-culinario-dellaustria-con-la-michelin\/\"},\"wordCount\":553,\"publisher\":{\"@id\":\"https:\/\/www.uhl-menu.com\/it\/#organization\"},\"image\":{\"@id\":\"https:\/\/www.uhl-menu.com\/it\/il-ritorno-delle-stelle-il-ritorno-culinario-dellaustria-con-la-michelin\/#primaryimage\"},\"thumbnailUrl\":\"https:\/\/www.uhl-menu.com\/wp-content\/uploads\/pablo-merchan-montes-Orz90t6o0e4-unsplash-scaled.jpg\",\"articleSection\":[\"Vale la pena di conoscerlo\"],\"inLanguage\":\"it-IT\"},{\"@type\":\"WebPage\",\"@id\":\"https:\/\/www.uhl-menu.com\/it\/il-ritorno-delle-stelle-il-ritorno-culinario-dellaustria-con-la-michelin\/\",\"url\":\"https:\/\/www.uhl-menu.com\/it\/il-ritorno-delle-stelle-il-ritorno-culinario-dellaustria-con-la-michelin\/\",\"name\":\"\u1455\u2776\u1450 Il rilancio culinario dell'Austria con Michelin\u27a1\ufe0f\",\"isPartOf\":{\"@id\":\"https:\/\/www.uhl-menu.com\/it\/#website\"},\"primaryImageOfPage\":{\"@id\":\"https:\/\/www.uhl-menu.com\/it\/il-ritorno-delle-stelle-il-ritorno-culinario-dellaustria-con-la-michelin\/#primaryimage\"},\"image\":{\"@id\":\"https:\/\/www.uhl-menu.com\/it\/il-ritorno-delle-stelle-il-ritorno-culinario-dellaustria-con-la-michelin\/#primaryimage\"},\"thumbnailUrl\":\"https:\/\/www.uhl-menu.com\/wp-content\/uploads\/pablo-merchan-montes-Orz90t6o0e4-unsplash-scaled.jpg\",\"datePublished\":\"2024-02-27T09:24:21+00:00\",\"dateModified\":\"2026-02-03T18:33:20+00:00\",\"description\":\"La Guida Michelin, vera e propria bibbia gastronomica di fama mondiale, torna in Austria dopo anni di assenza.\",\"breadcrumb\":{\"@id\":\"https:\/\/www.uhl-menu.com\/it\/il-ritorno-delle-stelle-il-ritorno-culinario-dellaustria-con-la-michelin\/#breadcrumb\"},\"inLanguage\":\"it-IT\",\"potentialAction\":[{\"@type\":\"ReadAction\",\"target\":[\"https:\/\/www.uhl-menu.com\/it\/il-ritorno-delle-stelle-il-ritorno-culinario-dellaustria-con-la-michelin\/\"]}]},{\"@type\":\"ImageObject\",\"inLanguage\":\"it-IT\",\"@id\":\"https:\/\/www.uhl-menu.com\/it\/il-ritorno-delle-stelle-il-ritorno-culinario-dellaustria-con-la-michelin\/#primaryimage\",\"url\":\"https:\/\/www.uhl-menu.com\/wp-content\/uploads\/pablo-merchan-montes-Orz90t6o0e4-unsplash-scaled.jpg\",\"contentUrl\":\"https:\/\/www.uhl-menu.com\/wp-content\/uploads\/pablo-merchan-montes-Orz90t6o0e4-unsplash-scaled.jpg\",\"width\":2560,\"height\":1707},{\"@type\":\"BreadcrumbList\",\"@id\":\"https:\/\/www.uhl-menu.com\/it\/il-ritorno-delle-stelle-il-ritorno-culinario-dellaustria-con-la-michelin\/#breadcrumb\",\"itemListElement\":[{\"@type\":\"ListItem\",\"position\":1,\"name\":\"Startseite\",\"item\":\"https:\/\/www.uhl-menu.com\/it\/\"},{\"@type\":\"ListItem\",\"position\":2,\"name\":\"Il ritorno delle stelle: il rilancio culinario dell&#8217;Austria con Michelin\"}]},{\"@type\":\"WebSite\",\"@id\":\"https:\/\/www.uhl-menu.com\/it\/#website\",\"url\":\"https:\/\/www.uhl-menu.com\/it\/\",\"name\":\"menu de Uhl\",\"description\":\"e fabricant de menus UHL, fond\u00e9 en 1982, s&#039;est donn\u00e9 d\u00e8s ses d\u00e9buts pour mission de se sp\u00e9cialiser dans les menus et les cartes des vins.\",\"publisher\":{\"@id\":\"https:\/\/www.uhl-menu.com\/it\/#organization\"},\"potentialAction\":[{\"@type\":\"SearchAction\",\"target\":{\"@type\":\"EntryPoint\",\"urlTemplate\":\"https:\/\/www.uhl-menu.com\/it\/?s={search_term_string}\"},\"query-input\":{\"@type\":\"PropertyValueSpecification\",\"valueRequired\":true,\"valueName\":\"search_term_string\"}}],\"inLanguage\":\"it-IT\"},{\"@type\":\"Organization\",\"@id\":\"https:\/\/www.uhl-menu.com\/it\/#organization\",\"name\":\"menu de Uhl\",\"url\":\"https:\/\/www.uhl-menu.com\/it\/\",\"logo\":{\"@type\":\"ImageObject\",\"inLanguage\":\"it-IT\",\"@id\":\"https:\/\/www.uhl-menu.com\/it\/#\/schema\/logo\/image\/\",\"url\":\"https:\/\/www.uhl-menu.com\/wp-content\/uploads\/uhl-logo.png\",\"contentUrl\":\"https:\/\/www.uhl-menu.com\/wp-content\/uploads\/uhl-logo.png\",\"width\":66,\"height\":41,\"caption\":\"menu de Uhl\"},\"image\":{\"@id\":\"https:\/\/www.uhl-menu.com\/it\/#\/schema\/logo\/image\/\"},\"sameAs\":[\"https:\/\/www.facebook.com\/uhlspeisekarten\",\"https:\/\/www.youtube.com\/channel\/UCz6fCHDC_EvIaFfibirEF8A\/videos\"]},{\"@type\":\"Person\",\"@id\":\"https:\/\/www.uhl-menu.com\/it\/#\/schema\/person\/62806c13a5caf2dc1c136dd489bdc85d\",\"name\":\"Wolfgang Gartler\",\"image\":{\"@type\":\"ImageObject\",\"inLanguage\":\"it-IT\",\"@id\":\"https:\/\/www.uhl-menu.com\/it\/#\/schema\/person\/image\/\",\"url\":\"https:\/\/secure.gravatar.com\/avatar\/df6f1a6d54ddcd4cd94879dbacae2a46db9e528f5f91a3044f3051050d363f4e?s=96&d=mm&r=g\",\"contentUrl\":\"https:\/\/secure.gravatar.com\/avatar\/df6f1a6d54ddcd4cd94879dbacae2a46db9e528f5f91a3044f3051050d363f4e?s=96&d=mm&r=g\",\"caption\":\"Wolfgang Gartler\"}}]}<\/script>\n<!-- \/ Yoast SEO plugin. -->","yoast_head_json":{"title":"\u1455\u2776\u1450 Il rilancio culinario dell'Austria con Michelin\u27a1\ufe0f","description":"La Guida Michelin, vera e propria bibbia gastronomica di fama mondiale, torna in Austria dopo anni di assenza.","robots":{"index":"index","follow":"follow","max-snippet":"max-snippet:-1","max-image-preview":"max-image-preview:large","max-video-preview":"max-video-preview:-1"},"canonical":"https:\/\/www.uhl-menu.com\/it\/il-ritorno-delle-stelle-il-ritorno-culinario-dellaustria-con-la-michelin\/","og_locale":"it_IT","og_type":"article","og_title":"\u1455\u2776\u1450 Il rilancio culinario dell'Austria con Michelin\u27a1\ufe0f","og_description":"La Guida Michelin, vera e propria bibbia gastronomica di fama mondiale, torna in Austria dopo anni di assenza.","og_url":"https:\/\/www.uhl-menu.com\/it\/il-ritorno-delle-stelle-il-ritorno-culinario-dellaustria-con-la-michelin\/","og_site_name":"menu de Uhl","article_publisher":"https:\/\/www.facebook.com\/uhlspeisekarten","article_published_time":"2024-02-27T09:24:21+00:00","article_modified_time":"2026-02-03T18:33:20+00:00","og_image":[{"width":2560,"height":1707,"url":"https:\/\/www.uhl-menu.com\/wp-content\/uploads\/pablo-merchan-montes-Orz90t6o0e4-unsplash-scaled.jpg","type":"image\/jpeg"}],"author":"Wolfgang Gartler","twitter_card":"summary_large_image","twitter_misc":{"Scritto da":"Wolfgang Gartler","Tempo di lettura stimato":"3 minuti"},"schema":{"@context":"https:\/\/schema.org","@graph":[{"@type":"Article","@id":"https:\/\/www.uhl-menu.com\/it\/il-ritorno-delle-stelle-il-ritorno-culinario-dellaustria-con-la-michelin\/#article","isPartOf":{"@id":"https:\/\/www.uhl-menu.com\/it\/il-ritorno-delle-stelle-il-ritorno-culinario-dellaustria-con-la-michelin\/"},"author":{"name":"Wolfgang Gartler","@id":"https:\/\/www.uhl-menu.com\/it\/#\/schema\/person\/62806c13a5caf2dc1c136dd489bdc85d"},"headline":"Il ritorno delle stelle: il rilancio culinario dell&#8217;Austria con Michelin","datePublished":"2024-02-27T09:24:21+00:00","dateModified":"2026-02-03T18:33:20+00:00","mainEntityOfPage":{"@id":"https:\/\/www.uhl-menu.com\/it\/il-ritorno-delle-stelle-il-ritorno-culinario-dellaustria-con-la-michelin\/"},"wordCount":553,"publisher":{"@id":"https:\/\/www.uhl-menu.com\/it\/#organization"},"image":{"@id":"https:\/\/www.uhl-menu.com\/it\/il-ritorno-delle-stelle-il-ritorno-culinario-dellaustria-con-la-michelin\/#primaryimage"},"thumbnailUrl":"https:\/\/www.uhl-menu.com\/wp-content\/uploads\/pablo-merchan-montes-Orz90t6o0e4-unsplash-scaled.jpg","articleSection":["Vale la pena di conoscerlo"],"inLanguage":"it-IT"},{"@type":"WebPage","@id":"https:\/\/www.uhl-menu.com\/it\/il-ritorno-delle-stelle-il-ritorno-culinario-dellaustria-con-la-michelin\/","url":"https:\/\/www.uhl-menu.com\/it\/il-ritorno-delle-stelle-il-ritorno-culinario-dellaustria-con-la-michelin\/","name":"\u1455\u2776\u1450 Il rilancio culinario dell'Austria con Michelin\u27a1\ufe0f","isPartOf":{"@id":"https:\/\/www.uhl-menu.com\/it\/#website"},"primaryImageOfPage":{"@id":"https:\/\/www.uhl-menu.com\/it\/il-ritorno-delle-stelle-il-ritorno-culinario-dellaustria-con-la-michelin\/#primaryimage"},"image":{"@id":"https:\/\/www.uhl-menu.com\/it\/il-ritorno-delle-stelle-il-ritorno-culinario-dellaustria-con-la-michelin\/#primaryimage"},"thumbnailUrl":"https:\/\/www.uhl-menu.com\/wp-content\/uploads\/pablo-merchan-montes-Orz90t6o0e4-unsplash-scaled.jpg","datePublished":"2024-02-27T09:24:21+00:00","dateModified":"2026-02-03T18:33:20+00:00","description":"La Guida Michelin, vera e propria bibbia gastronomica di fama mondiale, torna in Austria dopo anni di assenza.","breadcrumb":{"@id":"https:\/\/www.uhl-menu.com\/it\/il-ritorno-delle-stelle-il-ritorno-culinario-dellaustria-con-la-michelin\/#breadcrumb"},"inLanguage":"it-IT","potentialAction":[{"@type":"ReadAction","target":["https:\/\/www.uhl-menu.com\/it\/il-ritorno-delle-stelle-il-ritorno-culinario-dellaustria-con-la-michelin\/"]}]},{"@type":"ImageObject","inLanguage":"it-IT","@id":"https:\/\/www.uhl-menu.com\/it\/il-ritorno-delle-stelle-il-ritorno-culinario-dellaustria-con-la-michelin\/#primaryimage","url":"https:\/\/www.uhl-menu.com\/wp-content\/uploads\/pablo-merchan-montes-Orz90t6o0e4-unsplash-scaled.jpg","contentUrl":"https:\/\/www.uhl-menu.com\/wp-content\/uploads\/pablo-merchan-montes-Orz90t6o0e4-unsplash-scaled.jpg","width":2560,"height":1707},{"@type":"BreadcrumbList","@id":"https:\/\/www.uhl-menu.com\/it\/il-ritorno-delle-stelle-il-ritorno-culinario-dellaustria-con-la-michelin\/#breadcrumb","itemListElement":[{"@type":"ListItem","position":1,"name":"Startseite","item":"https:\/\/www.uhl-menu.com\/it\/"},{"@type":"ListItem","position":2,"name":"Il ritorno delle stelle: il rilancio culinario dell&#8217;Austria con Michelin"}]},{"@type":"WebSite","@id":"https:\/\/www.uhl-menu.com\/it\/#website","url":"https:\/\/www.uhl-menu.com\/it\/","name":"menu de Uhl","description":"e fabricant de menus UHL, fond\u00e9 en 1982, s&#039;est donn\u00e9 d\u00e8s ses d\u00e9buts pour mission de se sp\u00e9cialiser dans les menus et les cartes des vins.","publisher":{"@id":"https:\/\/www.uhl-menu.com\/it\/#organization"},"potentialAction":[{"@type":"SearchAction","target":{"@type":"EntryPoint","urlTemplate":"https:\/\/www.uhl-menu.com\/it\/?s={search_term_string}"},"query-input":{"@type":"PropertyValueSpecification","valueRequired":true,"valueName":"search_term_string"}}],"inLanguage":"it-IT"},{"@type":"Organization","@id":"https:\/\/www.uhl-menu.com\/it\/#organization","name":"menu de Uhl","url":"https:\/\/www.uhl-menu.com\/it\/","logo":{"@type":"ImageObject","inLanguage":"it-IT","@id":"https:\/\/www.uhl-menu.com\/it\/#\/schema\/logo\/image\/","url":"https:\/\/www.uhl-menu.com\/wp-content\/uploads\/uhl-logo.png","contentUrl":"https:\/\/www.uhl-menu.com\/wp-content\/uploads\/uhl-logo.png","width":66,"height":41,"caption":"menu de Uhl"},"image":{"@id":"https:\/\/www.uhl-menu.com\/it\/#\/schema\/logo\/image\/"},"sameAs":["https:\/\/www.facebook.com\/uhlspeisekarten","https:\/\/www.youtube.com\/channel\/UCz6fCHDC_EvIaFfibirEF8A\/videos"]},{"@type":"Person","@id":"https:\/\/www.uhl-menu.com\/it\/#\/schema\/person\/62806c13a5caf2dc1c136dd489bdc85d","name":"Wolfgang Gartler","image":{"@type":"ImageObject","inLanguage":"it-IT","@id":"https:\/\/www.uhl-menu.com\/it\/#\/schema\/person\/image\/","url":"https:\/\/secure.gravatar.com\/avatar\/df6f1a6d54ddcd4cd94879dbacae2a46db9e528f5f91a3044f3051050d363f4e?s=96&d=mm&r=g","contentUrl":"https:\/\/secure.gravatar.com\/avatar\/df6f1a6d54ddcd4cd94879dbacae2a46db9e528f5f91a3044f3051050d363f4e?s=96&d=mm&r=g","caption":"Wolfgang Gartler"}}]}},"_links":{"self":[{"href":"https:\/\/www.uhl-menu.com\/it\/wp-json\/wp\/v2\/posts\/38776","targetHints":{"allow":["GET"]}}],"collection":[{"href":"https:\/\/www.uhl-menu.com\/it\/wp-json\/wp\/v2\/posts"}],"about":[{"href":"https:\/\/www.uhl-menu.com\/it\/wp-json\/wp\/v2\/types\/post"}],"author":[{"embeddable":true,"href":"https:\/\/www.uhl-menu.com\/it\/wp-json\/wp\/v2\/users\/19"}],"replies":[{"embeddable":true,"href":"https:\/\/www.uhl-menu.com\/it\/wp-json\/wp\/v2\/comments?post=38776"}],"version-history":[{"count":2,"href":"https:\/\/www.uhl-menu.com\/it\/wp-json\/wp\/v2\/posts\/38776\/revisions"}],"predecessor-version":[{"id":77856,"href":"https:\/\/www.uhl-menu.com\/it\/wp-json\/wp\/v2\/posts\/38776\/revisions\/77856"}],"wp:featuredmedia":[{"embeddable":true,"href":"https:\/\/www.uhl-menu.com\/it\/wp-json\/wp\/v2\/media\/38779"}],"wp:attachment":[{"href":"https:\/\/www.uhl-menu.com\/it\/wp-json\/wp\/v2\/media?parent=38776"}],"wp:term":[{"taxonomy":"category","embeddable":true,"href":"https:\/\/www.uhl-menu.com\/it\/wp-json\/wp\/v2\/categories?post=38776"},{"taxonomy":"post_tag","embeddable":true,"href":"https:\/\/www.uhl-menu.com\/it\/wp-json\/wp\/v2\/tags?post=38776"}],"curies":[{"name":"wp","href":"https:\/\/api.w.org\/{rel}","templated":true}]}}