{"id":86756,"date":"2024-04-23T14:36:59","date_gmt":"2024-04-23T12:36:59","guid":{"rendered":"https:\/\/www.uhl-menu.com\/a-gastronomia-austriaca-em-ascensao\/"},"modified":"2024-04-23T14:36:59","modified_gmt":"2024-04-23T12:36:59","slug":"a-gastronomia-austriaca-em-ascensao","status":"publish","type":"post","link":"https:\/\/www.uhl-menu.com\/pt-pt\/a-gastronomia-austriaca-em-ascensao\/","title":{"rendered":"A gastronomia austr\u00edaca em ascens\u00e3o"},"content":{"rendered":"<p>Neste pa\u00eds, as pessoas s\u00e3o din\u00e2micas e sabem transformar crises em oportunidades. Isso \u00e9 demonstrado de forma impressionante pelo mais recente guia de restaurantes Falstaff: no ano passado, a marca dos 2.000 foi ultrapassada pela primeira vez e esta tend\u00eancia continua a crescer sem abrandar. <\/p>\n<p>N\u00f3s, austr\u00edacos, podemos orgulhar-nos de uma diversidade gastron\u00f3mica que apenas poucos pa\u00edses europeus conseguem oferecer. Para al\u00e9m da variedade, a qualidade tamb\u00e9m \u00e9 essencial, e tamb\u00e9m aqui h\u00e1 desenvolvimentos encorajadores. At\u00e9 agora, o \u201cSteirereck\u201d e o \u201cAmador\u201d eram as grandes refer\u00eancias da alta gastronomia no pa\u00eds, ambos com a pontua\u00e7\u00e3o m\u00e1xima de 100 pontos. Este ano, por\u00e9m, outro restaurante junta-se a esta lista: Martin Klein, no \u201cIkarus Hangar-7\u201d, demonstra uma consist\u00eancia e excel\u00eancia que lhe valeram a pontua\u00e7\u00e3o m\u00e1xima.  <\/p>\n<p>A capacidade de apresentar um menu completamente novo todos os meses, com um estilo de cozinha internacional sempre renovado, \u00e9 prova do mais alto n\u00edvel de mestria culin\u00e1ria. O servi\u00e7o e a lend\u00e1ria garrafeira tamb\u00e9m est\u00e3o perfeitamente preparados para responder a estas exig\u00eancias \u00fanicas. Parab\u00e9ns por esta conquista extraordin\u00e1ria a n\u00edvel mundial!  <\/p>\n<div id=\"attachment_23656\" style=\"width: 857px\" class=\"wp-caption aligncenter\"><img loading=\"lazy\" decoding=\"async\" aria-describedby=\"caption-attachment-23656\" class=\"wp-image-23656 size-full\" src=\"https:\/\/www.uhl-menu.com\/wp-content\/uploads\/essen-weinglas2.jpg\" alt=\"Duas m\u00e3os a empratar comida\" width=\"847\" height=\"565\" srcset=\"https:\/\/www.uhl-menu.com\/wp-content\/uploads\/essen-weinglas2.jpg 847w, https:\/\/www.uhl-menu.com\/wp-content\/uploads\/essen-weinglas2-300x200.jpg 300w, https:\/\/www.uhl-menu.com\/wp-content\/uploads\/essen-weinglas2-768x512.jpg 768w, https:\/\/www.uhl-menu.com\/wp-content\/uploads\/essen-weinglas2-800x534.jpg 800w, https:\/\/www.uhl-menu.com\/wp-content\/uploads\/essen-weinglas2-320x213.jpg 320w, https:\/\/www.uhl-menu.com\/wp-content\/uploads\/essen-weinglas2-600x400.jpg 600w\" sizes=\"auto, (max-width: 847px) 100vw, 847px\" \/><p id=\"caption-attachment-23656\" class=\"wp-caption-text\">A cozinha austr\u00edaca \u00e9 um mosaico de especialidades regionais e influ\u00eancias internacionais<\/p><\/div>\n<h2>Diversidade gastron\u00f3mica na \u00c1ustria<\/h2>\n<p>Noutras regi\u00f5es da \u00c1ustria, a cena gastron\u00f3mica tamb\u00e9m est\u00e1 a evoluir de forma impressionante. Um exemplo not\u00e1vel \u00e9 Steyr, uma cidade situada no geralmente muito din\u00e2mico panorama gastron\u00f3mico da Alta \u00c1ustria. <\/p>\n<p>Celebra-se o regresso de Lukas Kapeller aos fog\u00f5es. O conceituado chef dedicou-se durante v\u00e1rios anos ao neg\u00f3cio familiar antes de assinalar um regresso impressionante como chef e propriet\u00e1rio de restaurante na passagem do ano. O seu novo restaurante, que leva o seu nome, marca para muitos o in\u00edcio do ano gastron\u00f3mico: o ambiente \u00e9 descontra\u00eddo, informal, pessoal e deliciosamente intimista. Uma interpreta\u00e7\u00e3o contempor\u00e2nea de um restaurante de primeira classe.   <\/p>\n<h2>Viena: tamb\u00e9m h\u00e1 motivos para celebrar na capital<\/h2>\n<p>Por um lado, h\u00e1 uma refrescante \u201cSommeli\u00e8re do Ano\u201d e, por outro, um novo florescimento da tradicional cultura de bar, que j\u00e1 se faz sentir tamb\u00e9m nos bairros mais afastados. A carta de vinhos de Friedrike Duhme para o \u201cnineOfive\u201d mostra bem como uma aparentemente simples pizzaria pode ser surpreendentemente vers\u00e1til. A carta de bebidas impressiona com uma sele\u00e7\u00e3o de verdadeiros tesouros da regi\u00e3o e de outras origens, bem como com a elegante apresenta\u00e7\u00e3o de produtores alem\u00e3es e de vinhos de Champagne e do Vale do Loire, demonstrando um not\u00e1vel sentido de qualidade.  <\/p>\n<p>No \u201cGasthaus Stern\u201d, situado na zona mais afastada de Simmering, a tradi\u00e7\u00e3o da cozinha vienense \u00e9 preservada de forma exemplar. As especialidades de miudezas s\u00e3o aqui celebradas segundo receitas tradicionais, enquanto o cl\u00e1ssico Wiener Schnitzel \u00e9 preparado com rigor e eleg\u00e2ncia. Este restaurante, apesar da sua localiza\u00e7\u00e3o menos central, demonstra de forma impressionante a riqueza e diversidade da grande cozinha vienense.  <\/p>\n<div id=\"attachment_23658\" style=\"width: 857px\" class=\"wp-caption aligncenter\"><img loading=\"lazy\" decoding=\"async\" aria-describedby=\"caption-attachment-23658\" class=\"wp-image-23658 size-full\" src=\"https:\/\/www.uhl-menu.com\/wp-content\/uploads\/luxus-dinner.jpg\" alt=\"Vista de cima de uma pessoa diante de um prato servido\" width=\"847\" height=\"565\" srcset=\"https:\/\/www.uhl-menu.com\/wp-content\/uploads\/luxus-dinner.jpg 847w, https:\/\/www.uhl-menu.com\/wp-content\/uploads\/luxus-dinner-300x200.jpg 300w, https:\/\/www.uhl-menu.com\/wp-content\/uploads\/luxus-dinner-768x512.jpg 768w, https:\/\/www.uhl-menu.com\/wp-content\/uploads\/luxus-dinner-800x534.jpg 800w, https:\/\/www.uhl-menu.com\/wp-content\/uploads\/luxus-dinner-320x213.jpg 320w, https:\/\/www.uhl-menu.com\/wp-content\/uploads\/luxus-dinner-600x400.jpg 600w\" sizes=\"auto, (max-width: 847px) 100vw, 847px\" \/><p id=\"caption-attachment-23658\" class=\"wp-caption-text\">Tradi\u00e7\u00e3o encontra inova\u00e7\u00e3o: a paisagem gastron\u00f3mica da \u00c1ustria est\u00e1 em plena expans\u00e3o<\/p><\/div>\n<h2>The Weinbank \u2013 uma experi\u00eancia gastron\u00f3mica<\/h2>\n<p>Gerhard Fuchs est\u00e1 h\u00e1 v\u00e1rios anos \u00e0 frente do restaurante Die Weinbank. O chef aposta em produtos da regi\u00e3o, bem como de Friuli e da \u00cdstria, que servem de base para pratos cuidadosamente elaborados e inspirados no territ\u00f3rio. A harmoniza\u00e7\u00e3o v\u00ednica \u00e9 conduzida por Christian Zach.  <\/p>\n<p>Aqui, a paix\u00e3o pelos ingredientes sazonais \u00e9 evidente e reflete-se nas cria\u00e7\u00f5es culin\u00e1rias, inspiradas pelo ritmo do ano e pela natureza. A filosofia do Weinbank n\u00e3o limita a regionalidade a fronteiras nacionais; por isso, o ambiente apresenta uma rica variedade de pratos, n\u00e3o apenas da regi\u00e3o local, mas tamb\u00e9m inspirados nos sabores da \u0160tajerska e de Friuli-Venezia Giulia. <\/p>\n<div class='bootstrap-yop yop-poll-mc'>\n\t\t\t\t\t\t\t<div class=\"basic-yop-poll-container\" style=\"background-color:#eeeeee; border:0px; border-style:solid; border-color:#eeeeee; border-radius:0px; padding:10px 10px;\" data-id=\"4\" data-temp=\"basic\" data-skin=\"minimal\" data-cscheme=\"black\" data-cap=\"0\" data-access=\"guest\" data-tid=\"\" data-uid=\"a95a87c15c6c6071dc559dffeed79b6b\" data-pid=\"86756\" data-resdet=\"percentages\" data-show-results-to=\"guest\" data-show-results-moment=\"after-vote\" data-show-results-only=\"false\" data-show-message=\"true\" data-show-results-as=\"bar\" data-sort-results-by=\"as-defined\" data-sort-results-rule=\"asc\"data-is-ended=\"0\" data-gdpr=\"no\" data-gdpr-sol=\"consent\" data-css=\".basic-yop-poll-container[data-uid] .basic-vote { text-align: center; }\" data-counter=\"0\" data-load-with=\"1\" data-notification-section=\"top\"><div class=\"row\"><div class=\"col-md-12\"><div class=\"basic-inner\"><div class=\"basic-message hide\" style=\"border-left: 10px solid #008000; padding: 0px 10px;\" data-error=\"#ff0000\" data-success=\"#008000\"><p class=\"basic-message-text\" style=\"color:#000000; font-size:14px; font-weight:normal;\"><\/p><\/div><div class=\"basic-overlay hide\"><div class=\"basic-vote-options\"><\/div><div class=\"basic-preloader\"><div class=\"basic-windows8\"><div class=\"basic-wBall basic-wBall_1\"><div class=\"basic-wInnerBall\"><\/div><\/div><div class=\"basic-wBall basic-wBall_2\"><div class=\"basic-wInnerBall\"><\/div><\/div><div class=\"basic-wBall basic-wBall_3\"><div class=\"basic-wInnerBall\"><\/div><\/div><div class=\"basic-wBall basic-wBall_4\"><div class=\"basic-wInnerBall\"><\/div><\/div><div class=\"basic-wBall basic-wBall_5\"><div class=\"basic-wInnerBall\"><\/div><\/div><\/div><\/div><\/div><form class=\"basic-form\"><input type=\"hidden\" name=\"_token\" value=\"7096b1db62\" autocomplete=\"off\"><div class=\"basic-elements\"><div class=\"basic-element basic-question basic-question-text-vertical\" data-id=\"4\" data-uid=\"9d47a58e8e06a1e09064ecd7acc65bde\" data-type=\"question\" data-question-type=\"text\" data-allow-multiple=\"no\" data-min=\"1\" data-max=\"1\" data-display=\"vertical\" data-colnum=\"\" data-display-others=\"no\" data-others-color=\"\" data-others=\"\"><div role=\"heading\" aria-level=\"5\" class=\"basic-question-title\" style=\"color:#000000; font-size:16px; font-weight:normal; text-align:center;\">M\u00f6gen Sie die typisch \u00f6sterreichische K\u00fcche?<\/div><ul class=\"basic-answers\"><li class=\"basic-answer\" style=\"padding:0px 0px;\" data-id=\"7\" data-type=\"text\" data-vn=\"3\" data-color=\"#000000\" data-make-link=\"no\" data-link=\"\"><div class=\"basic-answer-content basic-text-vertical\"><label for=\"answer[7]\" class=\"basic-answer-label\"><input type=\"radio\" id=\"answer[7]\" name=\"answer[4]\" value=\"7\"  autocomplete=\"off\"><span class=\"basic-text\" style=\"color: #000000; font-size: 14px; font-weight: normal;\" tabindex=\"0\">Ja<\/span><\/label><\/div><\/li><li class=\"basic-answer\" style=\"padding:0px 0px;\" data-id=\"8\" data-type=\"text\" data-vn=\"0\" data-color=\"#000000\" data-make-link=\"no\" data-link=\"\"><div class=\"basic-answer-content basic-text-vertical\"><label for=\"answer[8]\" class=\"basic-answer-label\"><input type=\"radio\" id=\"answer[8]\" name=\"answer[4]\" value=\"8\"  autocomplete=\"off\"><span class=\"basic-text\" style=\"color: #000000; font-size: 14px; font-weight: normal;\" tabindex=\"0\">Nein<\/span><\/label><\/div><\/li><li class=\"basic-answer\" style=\"padding:0px 0px;\" data-id=\"9\" data-type=\"text\" data-vn=\"0\" data-color=\"#000000\" data-make-link=\"no\" data-link=\"\"><div class=\"basic-answer-content basic-text-vertical\"><label for=\"answer[9]\" class=\"basic-answer-label\"><input type=\"radio\" id=\"answer[9]\" name=\"answer[4]\" value=\"9\"  autocomplete=\"off\"><span class=\"basic-text\" style=\"color: #000000; font-size: 14px; font-weight: normal;\" tabindex=\"0\">Nur die S\u00fc\u00dfspeisen<\/span><\/label><\/div><\/li><\/ul><\/div><div class=\"clearfix\"><\/div><\/div><div class=\"basic-vote\"><a href=\"#\" class=\"button basic-vote-button\" role=\"button\" style=\"background:#ffffff; border:1px; border-style: solid; border-color:#000000; border-radius:0px; padding:5px 10px; color:#000000; font-size:14px; font-weight:normal;\">Abstimmen<\/a><\/div><\/form><\/div><\/div><\/div><\/div>\n\t\t\t\t\t\t<\/div>\n<p>Antes de servir, a equipa informa-se cuidadosamente sobre o apetite dos h\u00f3spedes e eventuais restri\u00e7\u00f5es alimentares ou recomenda\u00e7\u00f5es m\u00e9dicas. O conceito dispensa deliberadamente um menu fixo. Em vez disso, a disponibilidade de produtos sazonais e aquilo que a natureza oferece determinam quais os ingredientes frescos que chegam diariamente \u00e0 cozinha. O resultado \u00e9 uma cozinha simples, mas aut\u00eantica.   <\/p>\n<p>A convic\u00e7\u00e3o de tirar o melhor partido dos presentes da natureza, sejam produtos de hortas, de agricultores locais, de criadores de gado, de ca\u00e7adores ou de recolectores, \u00e9 algo que se sente naturalmente. O sabor dos pratos confirma isso por si s\u00f3. O mesmo acontece com os vinhos. \u00c9 sugerida uma harmoniza\u00e7\u00e3o que acompanha o conceito de cada prato e complementa perfeitamente a sele\u00e7\u00e3o de vinhos.   <\/p>\n<p>A experi\u00eancia mostra que a harmoniza\u00e7\u00e3o de vinhos \u201cZach\u2019s Choice\u201d \u00e9 particularmente apreciada pelos h\u00f3spedes, raz\u00e3o pela qual \u00e9 oferecida como op\u00e7\u00e3o padr\u00e3o. Esta sele\u00e7\u00e3o abre espa\u00e7o para vinhos excecionais e sofisticados que refletem, em \u00faltima an\u00e1lise, os valores e o estilo da casa. O prazer gastron\u00f3mico \u00e9 sempre uma escolha consciente. No menu \u201ceither-or\u201d do Weinbank, os h\u00f3spedes podem escolher entre duas op\u00e7\u00f5es. Recomenda-se confiar na pr\u00f3pria intui\u00e7\u00e3o e na experi\u00eancia da equipa.    <\/p>\n<div id=\"attachment_23659\" style=\"width: 857px\" class=\"wp-caption aligncenter\"><img loading=\"lazy\" decoding=\"async\" aria-describedby=\"caption-attachment-23659\" class=\"wp-image-23659 size-full\" src=\"https:\/\/www.uhl-menu.com\/wp-content\/uploads\/restaurant-im-freien-berg-h.jpg\" alt=\"Zona exterior de um restaurante nas montanhas\" width=\"847\" height=\"565\" srcset=\"https:\/\/www.uhl-menu.com\/wp-content\/uploads\/restaurant-im-freien-berg-h.jpg 847w, https:\/\/www.uhl-menu.com\/wp-content\/uploads\/restaurant-im-freien-berg-h-300x200.jpg 300w, https:\/\/www.uhl-menu.com\/wp-content\/uploads\/restaurant-im-freien-berg-h-768x512.jpg 768w, https:\/\/www.uhl-menu.com\/wp-content\/uploads\/restaurant-im-freien-berg-h-800x534.jpg 800w, https:\/\/www.uhl-menu.com\/wp-content\/uploads\/restaurant-im-freien-berg-h-320x213.jpg 320w, https:\/\/www.uhl-menu.com\/wp-content\/uploads\/restaurant-im-freien-berg-h-600x400.jpg 600w\" sizes=\"auto, (max-width: 847px) 100vw, 847px\" \/><p id=\"caption-attachment-23659\" class=\"wp-caption-text\">Viagem gastron\u00f3mica de descoberta: a \u00c1ustria oferece muito mais do que schnitzel e sobremesas<\/p><\/div>\n<h2>Conclus\u00e3o<\/h2>\n<p>A gastronomia austr\u00edaca est\u00e1 a viver um renascimento impressionante, impulsionado por um otimismo inabal\u00e1vel e uma not\u00e1vel capacidade de inova\u00e7\u00e3o. Apesar dos muitos desafios enfrentados pelo setor, o \u00faltimo ano demonstrou de forma clara a diversidade e a elevada qualidade da oferta culin\u00e1ria na \u00c1ustria. O Guia de Restaurantes Falstaff, que pela primeira vez lista mais de 2.000 restaurantes, sublinha esta tend\u00eancia.  <\/p>\n<p>Restaurantes de topo como o \u201cSteirereck\u201d, o \u201cAmador\u201d e o novo \u201cIkarus Hangar-7\u201d estabelecem padr\u00f5es de excel\u00eancia gastron\u00f3mica com as suas classifica\u00e7\u00f5es m\u00e1ximas. Al\u00e9m disso, cidades como Steyr e Viena demonstram, com regressos impressionantes e com a valoriza\u00e7\u00e3o da tradicional cultura de bar, que a cena gastron\u00f3mica austr\u00edaca est\u00e1 mais viva e diversificada do que nunca. <\/p>\n","protected":false},"excerpt":{"rendered":"<p>Neste pa\u00eds, as pessoas s\u00e3o din\u00e2micas e sabem transformar crises em oportunidades. Isso \u00e9 demonstrado de forma impressionante pelo mais recente guia de restaurantes Falstaff: no ano passado, a marca dos 2.000 foi ultrapassada pela primeira vez e esta tend\u00eancia continua a crescer sem abrandar. N\u00f3s, austr\u00edacos, podemos orgulhar-nos de uma diversidade gastron\u00f3mica que apenas [&hellip;]<\/p>\n","protected":false},"author":19,"featured_media":86757,"comment_status":"closed","ping_status":"closed","sticky":false,"template":"","format":"standard","meta":{"_acf_changed":false,"footnotes":""},"categories":[1728],"tags":[],"class_list":["post-86756","post","type-post","status-publish","format-standard","has-post-thumbnail","hentry","category-informacoes-uteis"],"acf":[],"yoast_head":"<!-- This site is optimized with the Yoast SEO plugin v26.0 - https:\/\/yoast.com\/wordpress\/plugins\/seo\/ -->\n<title>\u1455\u2776\u1450 A gastronomia austr\u00edaca em ascens\u00e3o \u27a1\ufe0f<\/title>\n<meta name=\"description\" content=\"Numerosos desafios n\u00e3o est\u00e3o a travar os restauradores austr\u00edacos \u2705 Estes restaurantes est\u00e3o realmente a acelerar \u2705\" \/>\n<meta name=\"robots\" content=\"index, follow, max-snippet:-1, max-image-preview:large, max-video-preview:-1\" \/>\n<link rel=\"canonical\" href=\"https:\/\/www.uhl-menu.com\/pt-pt\/a-gastronomia-austriaca-em-ascensao\/\" \/>\n<meta property=\"og:locale\" content=\"pt_PT\" \/>\n<meta property=\"og:type\" content=\"article\" \/>\n<meta property=\"og:title\" content=\"\u1455\u2776\u1450 A gastronomia austr\u00edaca em ascens\u00e3o \u27a1\ufe0f\" \/>\n<meta property=\"og:description\" content=\"Numerosos desafios n\u00e3o est\u00e3o a travar os restauradores austr\u00edacos \u2705 Estes restaurantes est\u00e3o realmente a acelerar \u2705\" \/>\n<meta property=\"og:url\" content=\"https:\/\/www.uhl-menu.com\/pt-pt\/a-gastronomia-austriaca-em-ascensao\/\" \/>\n<meta property=\"og:site_name\" content=\"menu de Uhl\" \/>\n<meta property=\"article:publisher\" content=\"https:\/\/www.facebook.com\/uhlspeisekarten\" \/>\n<meta property=\"article:published_time\" content=\"2024-04-23T12:36:59+00:00\" \/>\n<meta property=\"og:image\" content=\"https:\/\/www.uhl-menu.com\/wp-content\/uploads\/essen-getraenke-am-tisch.jpg\" \/>\n\t<meta property=\"og:image:width\" content=\"847\" \/>\n\t<meta property=\"og:image:height\" content=\"565\" \/>\n\t<meta property=\"og:image:type\" content=\"image\/jpeg\" \/>\n<meta name=\"author\" content=\"Wolfgang Gartler\" \/>\n<meta name=\"twitter:card\" content=\"summary_large_image\" \/>\n<meta name=\"twitter:label1\" content=\"Escrito por\" \/>\n\t<meta name=\"twitter:data1\" content=\"Wolfgang Gartler\" \/>\n\t<meta name=\"twitter:label2\" content=\"Tempo estimado de leitura\" \/>\n\t<meta name=\"twitter:data2\" content=\"5 minutos\" \/>\n<script type=\"application\/ld+json\" class=\"yoast-schema-graph\">{\"@context\":\"https:\/\/schema.org\",\"@graph\":[{\"@type\":\"Article\",\"@id\":\"https:\/\/www.uhl-menu.com\/pt-pt\/a-gastronomia-austriaca-em-ascensao\/#article\",\"isPartOf\":{\"@id\":\"https:\/\/www.uhl-menu.com\/pt-pt\/a-gastronomia-austriaca-em-ascensao\/\"},\"author\":{\"name\":\"Wolfgang Gartler\",\"@id\":\"https:\/\/www.uhl-menu.com\/pt-pt\/#\/schema\/person\/62806c13a5caf2dc1c136dd489bdc85d\"},\"headline\":\"A gastronomia austr\u00edaca em ascens\u00e3o\",\"datePublished\":\"2024-04-23T12:36:59+00:00\",\"mainEntityOfPage\":{\"@id\":\"https:\/\/www.uhl-menu.com\/pt-pt\/a-gastronomia-austriaca-em-ascensao\/\"},\"wordCount\":1038,\"publisher\":{\"@id\":\"https:\/\/www.uhl-menu.com\/pt-pt\/#organization\"},\"image\":{\"@id\":\"https:\/\/www.uhl-menu.com\/pt-pt\/a-gastronomia-austriaca-em-ascensao\/#primaryimage\"},\"thumbnailUrl\":\"https:\/\/www.uhl-menu.com\/wp-content\/uploads\/essen-getraenke-am-tisch.jpg\",\"articleSection\":[\"Informa\u00e7\u00f5es \u00fateis\"],\"inLanguage\":\"pt-PT\"},{\"@type\":\"WebPage\",\"@id\":\"https:\/\/www.uhl-menu.com\/pt-pt\/a-gastronomia-austriaca-em-ascensao\/\",\"url\":\"https:\/\/www.uhl-menu.com\/pt-pt\/a-gastronomia-austriaca-em-ascensao\/\",\"name\":\"\u1455\u2776\u1450 A gastronomia austr\u00edaca em ascens\u00e3o \u27a1\ufe0f\",\"isPartOf\":{\"@id\":\"https:\/\/www.uhl-menu.com\/pt-pt\/#website\"},\"primaryImageOfPage\":{\"@id\":\"https:\/\/www.uhl-menu.com\/pt-pt\/a-gastronomia-austriaca-em-ascensao\/#primaryimage\"},\"image\":{\"@id\":\"https:\/\/www.uhl-menu.com\/pt-pt\/a-gastronomia-austriaca-em-ascensao\/#primaryimage\"},\"thumbnailUrl\":\"https:\/\/www.uhl-menu.com\/wp-content\/uploads\/essen-getraenke-am-tisch.jpg\",\"datePublished\":\"2024-04-23T12:36:59+00:00\",\"description\":\"Numerosos desafios n\u00e3o est\u00e3o a travar os restauradores austr\u00edacos \u2705 Estes restaurantes est\u00e3o realmente a acelerar \u2705\",\"breadcrumb\":{\"@id\":\"https:\/\/www.uhl-menu.com\/pt-pt\/a-gastronomia-austriaca-em-ascensao\/#breadcrumb\"},\"inLanguage\":\"pt-PT\",\"potentialAction\":[{\"@type\":\"ReadAction\",\"target\":[\"https:\/\/www.uhl-menu.com\/pt-pt\/a-gastronomia-austriaca-em-ascensao\/\"]}]},{\"@type\":\"ImageObject\",\"inLanguage\":\"pt-PT\",\"@id\":\"https:\/\/www.uhl-menu.com\/pt-pt\/a-gastronomia-austriaca-em-ascensao\/#primaryimage\",\"url\":\"https:\/\/www.uhl-menu.com\/wp-content\/uploads\/essen-getraenke-am-tisch.jpg\",\"contentUrl\":\"https:\/\/www.uhl-menu.com\/wp-content\/uploads\/essen-getraenke-am-tisch.jpg\",\"width\":847,\"height\":565},{\"@type\":\"BreadcrumbList\",\"@id\":\"https:\/\/www.uhl-menu.com\/pt-pt\/a-gastronomia-austriaca-em-ascensao\/#breadcrumb\",\"itemListElement\":[{\"@type\":\"ListItem\",\"position\":1,\"name\":\"Startseite\",\"item\":\"https:\/\/www.uhl-menu.com\/pt-pt\/pagina-inicial\/\"},{\"@type\":\"ListItem\",\"position\":2,\"name\":\"A gastronomia austr\u00edaca em ascens\u00e3o\"}]},{\"@type\":\"WebSite\",\"@id\":\"https:\/\/www.uhl-menu.com\/pt-pt\/#website\",\"url\":\"https:\/\/www.uhl-menu.com\/pt-pt\/\",\"name\":\"menu de Uhl\",\"description\":\"e fabricant de menus UHL, fond\u00e9 en 1982, s&#039;est donn\u00e9 d\u00e8s ses d\u00e9buts pour mission de se sp\u00e9cialiser dans les menus et les cartes des vins.\",\"publisher\":{\"@id\":\"https:\/\/www.uhl-menu.com\/pt-pt\/#organization\"},\"potentialAction\":[{\"@type\":\"SearchAction\",\"target\":{\"@type\":\"EntryPoint\",\"urlTemplate\":\"https:\/\/www.uhl-menu.com\/pt-pt\/?s={search_term_string}\"},\"query-input\":{\"@type\":\"PropertyValueSpecification\",\"valueRequired\":true,\"valueName\":\"search_term_string\"}}],\"inLanguage\":\"pt-PT\"},{\"@type\":\"Organization\",\"@id\":\"https:\/\/www.uhl-menu.com\/pt-pt\/#organization\",\"name\":\"menu de Uhl\",\"url\":\"https:\/\/www.uhl-menu.com\/pt-pt\/\",\"logo\":{\"@type\":\"ImageObject\",\"inLanguage\":\"pt-PT\",\"@id\":\"https:\/\/www.uhl-menu.com\/pt-pt\/#\/schema\/logo\/image\/\",\"url\":\"https:\/\/www.uhl-menu.com\/wp-content\/uploads\/uhl-logo.png\",\"contentUrl\":\"https:\/\/www.uhl-menu.com\/wp-content\/uploads\/uhl-logo.png\",\"width\":66,\"height\":41,\"caption\":\"menu de Uhl\"},\"image\":{\"@id\":\"https:\/\/www.uhl-menu.com\/pt-pt\/#\/schema\/logo\/image\/\"},\"sameAs\":[\"https:\/\/www.facebook.com\/uhlspeisekarten\",\"https:\/\/www.youtube.com\/channel\/UCz6fCHDC_EvIaFfibirEF8A\/videos\"]},{\"@type\":\"Person\",\"@id\":\"https:\/\/www.uhl-menu.com\/pt-pt\/#\/schema\/person\/62806c13a5caf2dc1c136dd489bdc85d\",\"name\":\"Wolfgang Gartler\",\"image\":{\"@type\":\"ImageObject\",\"inLanguage\":\"pt-PT\",\"@id\":\"https:\/\/www.uhl-menu.com\/pt-pt\/#\/schema\/person\/image\/\",\"url\":\"https:\/\/secure.gravatar.com\/avatar\/df6f1a6d54ddcd4cd94879dbacae2a46db9e528f5f91a3044f3051050d363f4e?s=96&d=mm&r=g\",\"contentUrl\":\"https:\/\/secure.gravatar.com\/avatar\/df6f1a6d54ddcd4cd94879dbacae2a46db9e528f5f91a3044f3051050d363f4e?s=96&d=mm&r=g\",\"caption\":\"Wolfgang Gartler\"}}]}<\/script>\n<!-- \/ Yoast SEO plugin. -->","yoast_head_json":{"title":"\u1455\u2776\u1450 A gastronomia austr\u00edaca em ascens\u00e3o \u27a1\ufe0f","description":"Numerosos desafios n\u00e3o est\u00e3o a travar os restauradores austr\u00edacos \u2705 Estes restaurantes est\u00e3o realmente a acelerar \u2705","robots":{"index":"index","follow":"follow","max-snippet":"max-snippet:-1","max-image-preview":"max-image-preview:large","max-video-preview":"max-video-preview:-1"},"canonical":"https:\/\/www.uhl-menu.com\/pt-pt\/a-gastronomia-austriaca-em-ascensao\/","og_locale":"pt_PT","og_type":"article","og_title":"\u1455\u2776\u1450 A gastronomia austr\u00edaca em ascens\u00e3o \u27a1\ufe0f","og_description":"Numerosos desafios n\u00e3o est\u00e3o a travar os restauradores austr\u00edacos \u2705 Estes restaurantes est\u00e3o realmente a acelerar \u2705","og_url":"https:\/\/www.uhl-menu.com\/pt-pt\/a-gastronomia-austriaca-em-ascensao\/","og_site_name":"menu de Uhl","article_publisher":"https:\/\/www.facebook.com\/uhlspeisekarten","article_published_time":"2024-04-23T12:36:59+00:00","og_image":[{"width":847,"height":565,"url":"https:\/\/www.uhl-menu.com\/wp-content\/uploads\/essen-getraenke-am-tisch.jpg","type":"image\/jpeg"}],"author":"Wolfgang Gartler","twitter_card":"summary_large_image","twitter_misc":{"Escrito por":"Wolfgang Gartler","Tempo estimado de leitura":"5 minutos"},"schema":{"@context":"https:\/\/schema.org","@graph":[{"@type":"Article","@id":"https:\/\/www.uhl-menu.com\/pt-pt\/a-gastronomia-austriaca-em-ascensao\/#article","isPartOf":{"@id":"https:\/\/www.uhl-menu.com\/pt-pt\/a-gastronomia-austriaca-em-ascensao\/"},"author":{"name":"Wolfgang Gartler","@id":"https:\/\/www.uhl-menu.com\/pt-pt\/#\/schema\/person\/62806c13a5caf2dc1c136dd489bdc85d"},"headline":"A gastronomia austr\u00edaca em ascens\u00e3o","datePublished":"2024-04-23T12:36:59+00:00","mainEntityOfPage":{"@id":"https:\/\/www.uhl-menu.com\/pt-pt\/a-gastronomia-austriaca-em-ascensao\/"},"wordCount":1038,"publisher":{"@id":"https:\/\/www.uhl-menu.com\/pt-pt\/#organization"},"image":{"@id":"https:\/\/www.uhl-menu.com\/pt-pt\/a-gastronomia-austriaca-em-ascensao\/#primaryimage"},"thumbnailUrl":"https:\/\/www.uhl-menu.com\/wp-content\/uploads\/essen-getraenke-am-tisch.jpg","articleSection":["Informa\u00e7\u00f5es \u00fateis"],"inLanguage":"pt-PT"},{"@type":"WebPage","@id":"https:\/\/www.uhl-menu.com\/pt-pt\/a-gastronomia-austriaca-em-ascensao\/","url":"https:\/\/www.uhl-menu.com\/pt-pt\/a-gastronomia-austriaca-em-ascensao\/","name":"\u1455\u2776\u1450 A gastronomia austr\u00edaca em ascens\u00e3o \u27a1\ufe0f","isPartOf":{"@id":"https:\/\/www.uhl-menu.com\/pt-pt\/#website"},"primaryImageOfPage":{"@id":"https:\/\/www.uhl-menu.com\/pt-pt\/a-gastronomia-austriaca-em-ascensao\/#primaryimage"},"image":{"@id":"https:\/\/www.uhl-menu.com\/pt-pt\/a-gastronomia-austriaca-em-ascensao\/#primaryimage"},"thumbnailUrl":"https:\/\/www.uhl-menu.com\/wp-content\/uploads\/essen-getraenke-am-tisch.jpg","datePublished":"2024-04-23T12:36:59+00:00","description":"Numerosos desafios n\u00e3o est\u00e3o a travar os restauradores austr\u00edacos \u2705 Estes restaurantes est\u00e3o realmente a acelerar \u2705","breadcrumb":{"@id":"https:\/\/www.uhl-menu.com\/pt-pt\/a-gastronomia-austriaca-em-ascensao\/#breadcrumb"},"inLanguage":"pt-PT","potentialAction":[{"@type":"ReadAction","target":["https:\/\/www.uhl-menu.com\/pt-pt\/a-gastronomia-austriaca-em-ascensao\/"]}]},{"@type":"ImageObject","inLanguage":"pt-PT","@id":"https:\/\/www.uhl-menu.com\/pt-pt\/a-gastronomia-austriaca-em-ascensao\/#primaryimage","url":"https:\/\/www.uhl-menu.com\/wp-content\/uploads\/essen-getraenke-am-tisch.jpg","contentUrl":"https:\/\/www.uhl-menu.com\/wp-content\/uploads\/essen-getraenke-am-tisch.jpg","width":847,"height":565},{"@type":"BreadcrumbList","@id":"https:\/\/www.uhl-menu.com\/pt-pt\/a-gastronomia-austriaca-em-ascensao\/#breadcrumb","itemListElement":[{"@type":"ListItem","position":1,"name":"Startseite","item":"https:\/\/www.uhl-menu.com\/pt-pt\/pagina-inicial\/"},{"@type":"ListItem","position":2,"name":"A gastronomia austr\u00edaca em ascens\u00e3o"}]},{"@type":"WebSite","@id":"https:\/\/www.uhl-menu.com\/pt-pt\/#website","url":"https:\/\/www.uhl-menu.com\/pt-pt\/","name":"menu de Uhl","description":"e fabricant de menus UHL, fond\u00e9 en 1982, s&#039;est donn\u00e9 d\u00e8s ses d\u00e9buts pour mission de se sp\u00e9cialiser dans les menus et les cartes des vins.","publisher":{"@id":"https:\/\/www.uhl-menu.com\/pt-pt\/#organization"},"potentialAction":[{"@type":"SearchAction","target":{"@type":"EntryPoint","urlTemplate":"https:\/\/www.uhl-menu.com\/pt-pt\/?s={search_term_string}"},"query-input":{"@type":"PropertyValueSpecification","valueRequired":true,"valueName":"search_term_string"}}],"inLanguage":"pt-PT"},{"@type":"Organization","@id":"https:\/\/www.uhl-menu.com\/pt-pt\/#organization","name":"menu de Uhl","url":"https:\/\/www.uhl-menu.com\/pt-pt\/","logo":{"@type":"ImageObject","inLanguage":"pt-PT","@id":"https:\/\/www.uhl-menu.com\/pt-pt\/#\/schema\/logo\/image\/","url":"https:\/\/www.uhl-menu.com\/wp-content\/uploads\/uhl-logo.png","contentUrl":"https:\/\/www.uhl-menu.com\/wp-content\/uploads\/uhl-logo.png","width":66,"height":41,"caption":"menu de Uhl"},"image":{"@id":"https:\/\/www.uhl-menu.com\/pt-pt\/#\/schema\/logo\/image\/"},"sameAs":["https:\/\/www.facebook.com\/uhlspeisekarten","https:\/\/www.youtube.com\/channel\/UCz6fCHDC_EvIaFfibirEF8A\/videos"]},{"@type":"Person","@id":"https:\/\/www.uhl-menu.com\/pt-pt\/#\/schema\/person\/62806c13a5caf2dc1c136dd489bdc85d","name":"Wolfgang Gartler","image":{"@type":"ImageObject","inLanguage":"pt-PT","@id":"https:\/\/www.uhl-menu.com\/pt-pt\/#\/schema\/person\/image\/","url":"https:\/\/secure.gravatar.com\/avatar\/df6f1a6d54ddcd4cd94879dbacae2a46db9e528f5f91a3044f3051050d363f4e?s=96&d=mm&r=g","contentUrl":"https:\/\/secure.gravatar.com\/avatar\/df6f1a6d54ddcd4cd94879dbacae2a46db9e528f5f91a3044f3051050d363f4e?s=96&d=mm&r=g","caption":"Wolfgang Gartler"}}]}},"_links":{"self":[{"href":"https:\/\/www.uhl-menu.com\/pt-pt\/wp-json\/wp\/v2\/posts\/86756","targetHints":{"allow":["GET"]}}],"collection":[{"href":"https:\/\/www.uhl-menu.com\/pt-pt\/wp-json\/wp\/v2\/posts"}],"about":[{"href":"https:\/\/www.uhl-menu.com\/pt-pt\/wp-json\/wp\/v2\/types\/post"}],"author":[{"embeddable":true,"href":"https:\/\/www.uhl-menu.com\/pt-pt\/wp-json\/wp\/v2\/users\/19"}],"replies":[{"embeddable":true,"href":"https:\/\/www.uhl-menu.com\/pt-pt\/wp-json\/wp\/v2\/comments?post=86756"}],"version-history":[{"count":0,"href":"https:\/\/www.uhl-menu.com\/pt-pt\/wp-json\/wp\/v2\/posts\/86756\/revisions"}],"wp:featuredmedia":[{"embeddable":true,"href":"https:\/\/www.uhl-menu.com\/pt-pt\/wp-json\/wp\/v2\/media\/86757"}],"wp:attachment":[{"href":"https:\/\/www.uhl-menu.com\/pt-pt\/wp-json\/wp\/v2\/media?parent=86756"}],"wp:term":[{"taxonomy":"category","embeddable":true,"href":"https:\/\/www.uhl-menu.com\/pt-pt\/wp-json\/wp\/v2\/categories?post=86756"},{"taxonomy":"post_tag","embeddable":true,"href":"https:\/\/www.uhl-menu.com\/pt-pt\/wp-json\/wp\/v2\/tags?post=86756"}],"curies":[{"name":"wp","href":"https:\/\/api.w.org\/{rel}","templated":true}]}}